{"id":746,"date":"2009-10-22T10:41:36","date_gmt":"2009-10-22T08:41:36","guid":{"rendered":"http:\/\/bilder.ngn.nu\/?p=746"},"modified":"2009-10-23T07:46:30","modified_gmt":"2009-10-23T05:46:30","slug":"grashoppa-9","status":"publish","type":"post","link":"http:\/\/bilder.ngn.nu\/index.php\/2009\/10\/22\/grashoppa-9\/","title":{"rendered":"Gr\u00e4shoppa"},"content":{"rendered":"<table style=\"width: 800px;\" border=\"0\">\n<tbody>\n<tr>\n<td>\n<div id=\"ngn_bild_rubrik\"><strong>Gr\u00e4shoppa i Turkiet<\/strong> (<span style=\"font-style: italic;\">?<\/span>)<a name=\"Graeshoppa\"><\/a><\/div>\n<\/td>\n<\/tr>\n<tr>\n<td>\n<div id=\"ngn_bild_text_above\">Det var m\u00e4ngder med s\u00e5dana h\u00e4r som &#8217;flaxade&#8217; iv\u00e4g n\u00e4r jag gick genom den torra vegetationen. Men hur jag \u00e4n s\u00f6kte s\u00e5 kunde jag inte se dem, \u00e4ven om jag var 99% s\u00e4ker p\u00e5 var de landade. N\u00e4r jag v\u00e4l fick syn p\u00e5 en s\u00e5 f\u00f6rstod jag varf\u00f6r. Ser Gr\u00e4shoppan ut som de torra str\u00e5n den sitter p\u00e5 s\u00e5 \u00e4r de inte s\u00e5 l\u00e4tta att uppt\u00e4cka.<br \/>\nStorlek,\u00a0ca\u00a07-8cm.\n<\/div>\n<\/td>\n<\/tr>\n<tr>\n<td align=\"center\"><img style=\"width: 800px; height: 547px;\" title=\"Gr\u00e4shoppa i Turkiet\" src=\"http:\/\/ngn.nu\/BilderT\/091022-DSC01700-Graeshoppa-Turkiet-Kompr80-w800.JPG\" alt=\"[Bild: Gr\u00e4shoppa  i Turkiet]\" \/><\/td>\n<\/tr>\n<tr>\n<td>\n<div id=\"EXIF\"><small><em>091022 Klockan: 10:41 <\/em><\/small><small><em>Br\u00e4nnvidd: <\/em><\/small><small><em>300 [450] ISO: 160 Slutare: 1\/500 Bl\u00e4ndare: F5,6<br \/>\nKamera: SONY DSLR-A100 Objektiv: <\/em><\/small><small><em>Sony 75-300 [35mm: 112,5-450] F4.5-5.6<br \/>\n<\/em><\/small><small><em><\/em><\/small><small><em><\/em><\/small><small><em><\/em><\/small><\/div>\n<\/td>\n<\/tr>\n<tr>\n<td>\n<div id=\"ngn_bild_text\">Jag kollar arterna n\u00e4rmre n\u00e4r jag kommer hem.\n<\/div>\n<\/td>\n<\/tr>\n<\/tbody>\n<\/table>\n","protected":false},"excerpt":{"rendered":"<p>Gr\u00e4shoppa i Turkiet (?) Det var m\u00e4ngder med s\u00e5dana h\u00e4r som &#8217;flaxade&#8217; iv\u00e4g n\u00e4r jag gick genom den torra vegetationen. Men hur jag \u00e4n s\u00f6kte s\u00e5 kunde jag inte se dem, \u00e4ven om jag var 99% s\u00e4ker p\u00e5 var de landade. N\u00e4r jag v\u00e4l fick syn p\u00e5 en s\u00e5 f\u00f6rstod jag varf\u00f6r. Ser Gr\u00e4shoppan ut [&hellip;]<\/p>\n","protected":false},"author":1,"featured_media":0,"comment_status":"open","ping_status":"closed","sticky":false,"template":"","format":"standard","meta":[],"categories":[377,639],"tags":[636,655,637],"_links":{"self":[{"href":"http:\/\/bilder.ngn.nu\/index.php\/wp-json\/wp\/v2\/posts\/746"}],"collection":[{"href":"http:\/\/bilder.ngn.nu\/index.php\/wp-json\/wp\/v2\/posts"}],"about":[{"href":"http:\/\/bilder.ngn.nu\/index.php\/wp-json\/wp\/v2\/types\/post"}],"author":[{"embeddable":true,"href":"http:\/\/bilder.ngn.nu\/index.php\/wp-json\/wp\/v2\/users\/1"}],"replies":[{"embeddable":true,"href":"http:\/\/bilder.ngn.nu\/index.php\/wp-json\/wp\/v2\/comments?post=746"}],"version-history":[{"count":0,"href":"http:\/\/bilder.ngn.nu\/index.php\/wp-json\/wp\/v2\/posts\/746\/revisions"}],"wp:attachment":[{"href":"http:\/\/bilder.ngn.nu\/index.php\/wp-json\/wp\/v2\/media?parent=746"}],"wp:term":[{"taxonomy":"category","embeddable":true,"href":"http:\/\/bilder.ngn.nu\/index.php\/wp-json\/wp\/v2\/categories?post=746"},{"taxonomy":"post_tag","embeddable":true,"href":"http:\/\/bilder.ngn.nu\/index.php\/wp-json\/wp\/v2\/tags?post=746"}],"curies":[{"name":"wp","href":"https:\/\/api.w.org\/{rel}","templated":true}]}}