{"id":747,"date":"2009-10-22T10:42:31","date_gmt":"2009-10-22T08:42:31","guid":{"rendered":"http:\/\/bilder.ngn.nu\/?p=747"},"modified":"2009-10-23T08:04:46","modified_gmt":"2009-10-23T06:04:46","slug":"fluga-27","status":"publish","type":"post","link":"http:\/\/bilder.ngn.nu\/index.php\/2009\/10\/22\/fluga-27\/","title":{"rendered":"Fluga"},"content":{"rendered":"<table style=\"width: 800px;\" border=\"0\">\n<tbody>\n<tr>\n<td>\n<div id=\"ngn_bild_rubrik\"><strong>Fluga i Turkiet<\/strong> (<span style=\"font-style: italic;\">?<\/span>)<a name=\"Fluga\"><\/a><\/div>\n<\/td>\n<\/tr>\n<tr>\n<td>\n<div id=\"ngn_bild_text_above\">Att det h\u00e4r \u00e4r en K\u00f6ttfluga, det ser jag, men den skiljer sig fr\u00e5n den K\u00f6ttfluga jag ser hemma p\u00e5 Onsj\u00f6.<br \/>\nStorlek,\u00a0ca\u00a07-8mm. (lite st\u00f6rre \u00e4n &#8217;v\u00e5r&#8217; svenska)\n<\/div>\n<\/td>\n<\/tr>\n<tr>\n<td align=\"center\"><img style=\"width: 800px; height: 605px;\" title=\"Fluga i Turkiet\" src=\"http:\/\/ngn.nu\/BilderT\/091022-DSC01707+1706-Fluga-Kompr90-w800.JPG\" alt=\"[Bild: Fluga  i Turkiet]\" \/><\/td>\n<\/tr>\n<tr>\n<td>\n<div id=\"EXIF\"><small><em>Stora bilden:<br \/>\n091022 Klockan: 10:42 <\/em><\/small><small><em>Br\u00e4nnvidd: <\/em><\/small><small><em>300 [450] ISO: 100 Slutare: 1\/800 Bl\u00e4ndare: F6,3<br \/>\nKamera: SONY DSLR-A100 Objektiv: <\/em><\/small><small><em>Sony 75-300 [35mm: 112,5-450] F4.5-5.6<br \/>\n<\/em><\/small><small><em>Inf\u00e4llda bilden:<br \/>\n091022 Klockan: 10:42 <\/em><\/small><small><em>Br\u00e4nnvidd: <\/em><\/small><small><em>300 [450] ISO: 100 Slutare: 1\/800 Bl\u00e4ndare: F6,3<br \/>\nKamera: SONY DSLR-A100 Objektiv: <\/em><\/small><small><em>Sony 75-300 [35mm: 112,5-450] F4.5-5.6<\/em><\/small><br \/>\n<small><em><\/em><\/small><small><em><\/em><\/small><small><em><\/em><\/small><\/div>\n<\/td>\n<\/tr>\n<tr>\n<td>\n<div id=\"ngn_bild_text\">Jag kollar arterna n\u00e4rmre n\u00e4r jag kommer hem.\n<\/div>\n<\/td>\n<\/tr>\n<\/tbody>\n<\/table>\n","protected":false},"excerpt":{"rendered":"<p>Fluga i Turkiet (?) Att det h\u00e4r \u00e4r en K\u00f6ttfluga, det ser jag, men den skiljer sig fr\u00e5n den K\u00f6ttfluga jag ser hemma p\u00e5 Onsj\u00f6. Storlek,\u00a0ca\u00a07-8mm. (lite st\u00f6rre \u00e4n &#8217;v\u00e5r&#8217; svenska) Stora bilden: 091022 Klockan: 10:42 Br\u00e4nnvidd: 300 [450] ISO: 100 Slutare: 1\/800 Bl\u00e4ndare: F6,3 Kamera: SONY DSLR-A100 Objektiv: Sony 75-300 [35mm: 112,5-450] F4.5-5.6 Inf\u00e4llda [&hellip;]<\/p>\n","protected":false},"author":1,"featured_media":0,"comment_status":"open","ping_status":"closed","sticky":false,"template":"","format":"standard","meta":[],"categories":[200,639],"tags":[636,655,637],"_links":{"self":[{"href":"http:\/\/bilder.ngn.nu\/index.php\/wp-json\/wp\/v2\/posts\/747"}],"collection":[{"href":"http:\/\/bilder.ngn.nu\/index.php\/wp-json\/wp\/v2\/posts"}],"about":[{"href":"http:\/\/bilder.ngn.nu\/index.php\/wp-json\/wp\/v2\/types\/post"}],"author":[{"embeddable":true,"href":"http:\/\/bilder.ngn.nu\/index.php\/wp-json\/wp\/v2\/users\/1"}],"replies":[{"embeddable":true,"href":"http:\/\/bilder.ngn.nu\/index.php\/wp-json\/wp\/v2\/comments?post=747"}],"version-history":[{"count":0,"href":"http:\/\/bilder.ngn.nu\/index.php\/wp-json\/wp\/v2\/posts\/747\/revisions"}],"wp:attachment":[{"href":"http:\/\/bilder.ngn.nu\/index.php\/wp-json\/wp\/v2\/media?parent=747"}],"wp:term":[{"taxonomy":"category","embeddable":true,"href":"http:\/\/bilder.ngn.nu\/index.php\/wp-json\/wp\/v2\/categories?post=747"},{"taxonomy":"post_tag","embeddable":true,"href":"http:\/\/bilder.ngn.nu\/index.php\/wp-json\/wp\/v2\/tags?post=747"}],"curies":[{"name":"wp","href":"https:\/\/api.w.org\/{rel}","templated":true}]}}