{"id":748,"date":"2009-10-22T10:52:46","date_gmt":"2009-10-22T08:52:46","guid":{"rendered":"http:\/\/bilder.ngn.nu\/?p=748"},"modified":"2010-08-02T20:11:13","modified_gmt":"2010-08-02T18:11:13","slug":"odla-16","status":"publish","type":"post","link":"http:\/\/bilder.ngn.nu\/index.php\/2009\/10\/22\/odla-16\/","title":{"rendered":"Agam (\u00d6dla)"},"content":{"rendered":"<table style=\"width: 800px;\" border=\"0\">\n<tbody>\n<tr>\n<td>\n<div id=\"ngn_bild_rubrik\"><strong><span style=\"text-decoration: line-through;\">\u00d6dla<\/span> i Turkiet<\/strong> <span style=\"text-decoration: line-through;\">(<span style=\"font-style: italic;\">?<\/span>)<\/span><a name=\"Oedla\"><\/a>, <strong>Taggsvansagam<\/strong> (<em>Laudakia stellio<\/em>)<\/div>\n<\/td>\n<\/tr>\n<tr>\n<td>\n<div id=\"ngn_bild_text_above\">De \u00e4r lite kul \u00f6dlorna, h\u00e4r i Turkiet, de \u00e4r liksom mer nyfikna \u00e4n de vi har hemma.<br \/>\nStorlek,\u00a0ca 25cm.<br \/>\n<small>[not: artbest\u00e4md; 2010-08-02]<\/small><\/div>\n<\/td>\n<\/tr>\n<tr>\n<td align=\"center\"><img style=\"width: 800px; height: 535px;\" title=\"\u00d6dla i Turkiet\" src=\"http:\/\/ngn.nu\/BilderT\/091022-DSC01720-Oedla-Turkiet-Kompr90-w800.JPG\" alt=\"[Bild: \u00d6dla  i Turkiet]\" \/><\/td>\n<\/tr>\n<tr>\n<td>\n<div id=\"EXIF\"><small><em>091022 Klockan: 10:52 <\/em><\/small><small><em>Br\u00e4nnvidd: <\/em><\/small><small><em>300 [450] ISO: 100 Slutare: 1\/800 Bl\u00e4ndare: F5,6<br \/>\nKamera: SONY DSLR-A100 Objektiv: <\/em><\/small><small><em>Sony 75-300 [35mm: 112,5-450] F4.5-5.6<br \/>\n<\/em><\/small><small><em><\/em><\/small><small><em><\/em><\/small><small><em><\/em><\/small><\/div>\n<\/td>\n<\/tr>\n<tr>\n<td>\n<div id=\"ngn_bild_text\">Jag kollar arterna n\u00e4rmre n\u00e4r jag kommer hem.<\/div>\n<\/td>\n<\/tr>\n<\/tbody>\n<\/table>\n","protected":false},"excerpt":{"rendered":"<p>\u00d6dla i Turkiet (?), Taggsvansagam (Laudakia stellio) De \u00e4r lite kul \u00f6dlorna, h\u00e4r i Turkiet, de \u00e4r liksom mer nyfikna \u00e4n de vi har hemma. Storlek,\u00a0ca 25cm. [not: artbest\u00e4md; 2010-08-02] 091022 Klockan: 10:52 Br\u00e4nnvidd: 300 [450] ISO: 100 Slutare: 1\/800 Bl\u00e4ndare: F5,6 Kamera: SONY DSLR-A100 Objektiv: Sony 75-300 [35mm: 112,5-450] F4.5-5.6 Jag kollar arterna n\u00e4rmre [&hellip;]<\/p>\n","protected":false},"author":1,"featured_media":0,"comment_status":"open","ping_status":"closed","sticky":false,"template":"","format":"standard","meta":[],"categories":[10,717],"tags":[636,655,637],"_links":{"self":[{"href":"http:\/\/bilder.ngn.nu\/index.php\/wp-json\/wp\/v2\/posts\/748"}],"collection":[{"href":"http:\/\/bilder.ngn.nu\/index.php\/wp-json\/wp\/v2\/posts"}],"about":[{"href":"http:\/\/bilder.ngn.nu\/index.php\/wp-json\/wp\/v2\/types\/post"}],"author":[{"embeddable":true,"href":"http:\/\/bilder.ngn.nu\/index.php\/wp-json\/wp\/v2\/users\/1"}],"replies":[{"embeddable":true,"href":"http:\/\/bilder.ngn.nu\/index.php\/wp-json\/wp\/v2\/comments?post=748"}],"version-history":[{"count":0,"href":"http:\/\/bilder.ngn.nu\/index.php\/wp-json\/wp\/v2\/posts\/748\/revisions"}],"wp:attachment":[{"href":"http:\/\/bilder.ngn.nu\/index.php\/wp-json\/wp\/v2\/media?parent=748"}],"wp:term":[{"taxonomy":"category","embeddable":true,"href":"http:\/\/bilder.ngn.nu\/index.php\/wp-json\/wp\/v2\/categories?post=748"},{"taxonomy":"post_tag","embeddable":true,"href":"http:\/\/bilder.ngn.nu\/index.php\/wp-json\/wp\/v2\/tags?post=748"}],"curies":[{"name":"wp","href":"https:\/\/api.w.org\/{rel}","templated":true}]}}