{"id":749,"date":"2009-10-28T23:37:52","date_gmt":"2009-10-28T21:37:52","guid":{"rendered":"http:\/\/bilder.ngn.nu\/?p=749"},"modified":"2009-11-07T20:16:10","modified_gmt":"2009-11-07T18:16:10","slug":"trollslanda-13","status":"publish","type":"post","link":"http:\/\/bilder.ngn.nu\/index.php\/2009\/10\/28\/trollslanda-13\/","title":{"rendered":"Trollsl\u00e4nda"},"content":{"rendered":"<table style=\"width: 800px;\" border=\"0\">\n<tbody>\n<tr>\n<td>\n<div id=\"ngn_bild_rubrik\"><strong>Trollsl\u00e4nda i Turkiet<\/strong> (<span style=\"font-style: italic;\">?<\/span>)<a name=\"Trollslaende\"><\/a><\/div>\n<\/td>\n<\/tr>\n<tr>\n<td>\n<div id=\"ngn_bild_text_above\">Den h\u00e4r satt p\u00e5 taklampan i l\u00e4genheten n\u00e4r jag kom hem.<br \/>\nStorlek,\u00a0ca 30-35mm.<\/div>\n<\/td>\n<\/tr>\n<tr>\n<td align=\"center\"><img style=\"width: 800px; height: 520px;\" title=\"Trollsl\u00e4nda i Turkiet\" src=\"http:\/\/ngn.nu\/BilderT\/091028-DSCN0264+DSC01951-Trollslaenda-Turkeit-Kompr90-w800.JPG\" alt=\"[Bild: Trollsl\u00e4nda  i Turkiet]\" \/><\/td>\n<\/tr>\n<tr>\n<td>\n<div id=\"EXIF\"><small><em>Stora bilden:<br \/>\n091028 Klockan: 23:37 <\/em><\/small><small><em>Blixt: Ja Exponeringskompensation: -2 Br\u00e4nnvidd: <\/em><\/small><small><em> 5 [?] ISO: 100 Slutare: 1\/160 Bl\u00e4ndare: F5,4<br \/>\n<\/em><\/small><small><em> Kamera: NIKON CoolPix S620 Objektiv: NIKKOR 5-20 [35mm: ?-?] F2,7-5.8<\/em><\/small><small><em><br \/>\n<\/em><\/small><small><em>Inf\u00e4llda bilden:<br \/>\n091028 Klockan: 23:32 <\/em><\/small><small><em>Blixt: Ja <\/em><\/small><small><em>Br\u00e4nnvidd: <\/em><\/small><small><em>300 [450] ISO: 320 Slutare: 1\/125 Bl\u00e4ndare: F7,1<br \/>\nKamera: SONY DSLR-A100 Objektiv: <\/em><\/small><small><em>Sony 75-300 [35mm: 112,5-450] F4.5-5.6<\/em><\/small><br \/>\n<small><em><\/em><\/small><small><em><\/em><\/small><small><em><\/em><\/small><\/div>\n<\/td>\n<\/tr>\n<tr>\n<td>\n<div id=\"ngn_bild_text\">Jag kollar arterna n\u00e4rmre n\u00e4r jag kommer hem.<br \/>\nB\u00e4gge bilderna ljusade jag upp mellantonen via F\u00e4rger-Niv\u00e5er (Gimp 2.6 f Win).<\/div>\n<\/td>\n<\/tr>\n<\/tbody>\n<\/table>\n","protected":false},"excerpt":{"rendered":"<p>Trollsl\u00e4nda i Turkiet (?) Den h\u00e4r satt p\u00e5 taklampan i l\u00e4genheten n\u00e4r jag kom hem. Storlek,\u00a0ca 30-35mm. Stora bilden: 091028 Klockan: 23:37 Blixt: Ja Exponeringskompensation: -2 Br\u00e4nnvidd: 5 [?] ISO: 100 Slutare: 1\/160 Bl\u00e4ndare: F5,4 Kamera: NIKON CoolPix S620 Objektiv: NIKKOR 5-20 [35mm: ?-?] F2,7-5.8 Inf\u00e4llda bilden: 091028 Klockan: 23:32 Blixt: Ja Br\u00e4nnvidd: 300 [450] [&hellip;]<\/p>\n","protected":false},"author":1,"featured_media":0,"comment_status":"open","ping_status":"closed","sticky":false,"template":"","format":"standard","meta":[],"categories":[147,639],"tags":[636,640,637],"_links":{"self":[{"href":"http:\/\/bilder.ngn.nu\/index.php\/wp-json\/wp\/v2\/posts\/749"}],"collection":[{"href":"http:\/\/bilder.ngn.nu\/index.php\/wp-json\/wp\/v2\/posts"}],"about":[{"href":"http:\/\/bilder.ngn.nu\/index.php\/wp-json\/wp\/v2\/types\/post"}],"author":[{"embeddable":true,"href":"http:\/\/bilder.ngn.nu\/index.php\/wp-json\/wp\/v2\/users\/1"}],"replies":[{"embeddable":true,"href":"http:\/\/bilder.ngn.nu\/index.php\/wp-json\/wp\/v2\/comments?post=749"}],"version-history":[{"count":0,"href":"http:\/\/bilder.ngn.nu\/index.php\/wp-json\/wp\/v2\/posts\/749\/revisions"}],"wp:attachment":[{"href":"http:\/\/bilder.ngn.nu\/index.php\/wp-json\/wp\/v2\/media?parent=749"}],"wp:term":[{"taxonomy":"category","embeddable":true,"href":"http:\/\/bilder.ngn.nu\/index.php\/wp-json\/wp\/v2\/categories?post=749"},{"taxonomy":"post_tag","embeddable":true,"href":"http:\/\/bilder.ngn.nu\/index.php\/wp-json\/wp\/v2\/tags?post=749"}],"curies":[{"name":"wp","href":"https:\/\/api.w.org\/{rel}","templated":true}]}}