{"id":759,"date":"2009-10-22T11:30:28","date_gmt":"2009-10-22T09:30:28","guid":{"rendered":"http:\/\/bilder.ngn.nu\/?p=759"},"modified":"2010-08-02T20:09:51","modified_gmt":"2010-08-02T18:09:51","slug":"odla-25","status":"publish","type":"post","link":"http:\/\/bilder.ngn.nu\/index.php\/2009\/10\/22\/odla-25\/","title":{"rendered":"Agam (\u00d6dla)"},"content":{"rendered":"<table style=\"width: 800px;\" border=\"0\">\n<tbody>\n<tr>\n<td>\n<div id=\"ngn_bild_rubrik\"><strong><span style=\"text-decoration: line-through;\">\u00d6dla<\/span> i Turkiet<\/strong> <span style=\"text-decoration: line-through;\">(<span style=\"font-style: italic;\">?<\/span>)<\/span><a name=\"Oedla\"><\/a>, <strong>Taggsvansagam<\/strong> (<em>Laudakia stellio<\/em>)<\/div>\n<\/td>\n<\/tr>\n<tr>\n<td>\n<div id=\"ngn_bild_text_above\">I norra delen av Oba.<br \/>\nStorlek,\u00a0ca 10cm.<br \/>\n<small>[not: artbest\u00e4md; 2010-08-02]<\/small><\/div>\n<\/td>\n<\/tr>\n<tr>\n<td align=\"center\"><img style=\"width: 800px; height: 539px;\" title=\"\u00d6dla i Turkiet\" src=\"http:\/\/ngn.nu\/BilderT\/091022-DSC01806-Oedla-Turkeit-Kompr90-w800.JPG\" alt=\"[Bild: \u00d6dla  i Turkiet]\" \/><\/td>\n<\/tr>\n<tr>\n<td>\n<div id=\"EXIF\"><small><em>091022 Klockan: 11:30 <\/em><\/small><small><em>Br\u00e4nnvidd: <\/em><\/small><small><em>300 [450] ISO: 125 Slutare: 1\/500 Bl\u00e4ndare: F5,6<br \/>\nKamera: SONY DSLR-A100 Objektiv: <\/em><\/small><small><em>Sony 75-300 [35mm: 112,5-450] F4.5-5.6<br \/>\n<\/em><\/small><small><em><\/em><\/small><small><em><\/em><\/small><small><em><\/em><\/small><\/div>\n<\/td>\n<\/tr>\n<tr>\n<td>\n<div id=\"ngn_bild_text\">Jag kollar arterna n\u00e4rmre n\u00e4r jag kommer hem.<\/div>\n<\/td>\n<\/tr>\n<\/tbody>\n<\/table>\n","protected":false},"excerpt":{"rendered":"<p>\u00d6dla i Turkiet (?), Taggsvansagam (Laudakia stellio) I norra delen av Oba. Storlek,\u00a0ca 10cm. [not: artbest\u00e4md; 2010-08-02] 091022 Klockan: 11:30 Br\u00e4nnvidd: 300 [450] ISO: 125 Slutare: 1\/500 Bl\u00e4ndare: F5,6 Kamera: SONY DSLR-A100 Objektiv: Sony 75-300 [35mm: 112,5-450] F4.5-5.6 Jag kollar arterna n\u00e4rmre n\u00e4r jag kommer hem.<\/p>\n","protected":false},"author":1,"featured_media":0,"comment_status":"open","ping_status":"closed","sticky":false,"template":"","format":"standard","meta":[],"categories":[10,717],"tags":[636,655,637],"_links":{"self":[{"href":"http:\/\/bilder.ngn.nu\/index.php\/wp-json\/wp\/v2\/posts\/759"}],"collection":[{"href":"http:\/\/bilder.ngn.nu\/index.php\/wp-json\/wp\/v2\/posts"}],"about":[{"href":"http:\/\/bilder.ngn.nu\/index.php\/wp-json\/wp\/v2\/types\/post"}],"author":[{"embeddable":true,"href":"http:\/\/bilder.ngn.nu\/index.php\/wp-json\/wp\/v2\/users\/1"}],"replies":[{"embeddable":true,"href":"http:\/\/bilder.ngn.nu\/index.php\/wp-json\/wp\/v2\/comments?post=759"}],"version-history":[{"count":0,"href":"http:\/\/bilder.ngn.nu\/index.php\/wp-json\/wp\/v2\/posts\/759\/revisions"}],"wp:attachment":[{"href":"http:\/\/bilder.ngn.nu\/index.php\/wp-json\/wp\/v2\/media?parent=759"}],"wp:term":[{"taxonomy":"category","embeddable":true,"href":"http:\/\/bilder.ngn.nu\/index.php\/wp-json\/wp\/v2\/categories?post=759"},{"taxonomy":"post_tag","embeddable":true,"href":"http:\/\/bilder.ngn.nu\/index.php\/wp-json\/wp\/v2\/tags?post=759"}],"curies":[{"name":"wp","href":"https:\/\/api.w.org\/{rel}","templated":true}]}}