{"id":762,"date":"2009-10-22T11:40:54","date_gmt":"2009-10-22T09:40:54","guid":{"rendered":"http:\/\/bilder.ngn.nu\/?p=762"},"modified":"2009-10-29T20:10:29","modified_gmt":"2009-10-29T18:10:29","slug":"odla-28","status":"publish","type":"post","link":"http:\/\/bilder.ngn.nu\/index.php\/2009\/10\/22\/odla-28\/","title":{"rendered":"\u00d6dla"},"content":{"rendered":"<table style=\"width: 800px;\" border=\"0\">\n<tbody>\n<tr>\n<td>\n<div id=\"ngn_bild_rubrik\"><strong>\u00d6dla\u00a0i Turkiet<\/strong> (<span style=\"font-style: italic;\">?<\/span>)<a name=\"Oedla\"><\/a><\/div>\n<\/td>\n<\/tr>\n<tr>\n<td>\n<div id=\"ngn_bild_text_above\">I mer centrala delen av Oba.<br \/>\nJust den h\u00e4r individen f\u00f6rtj\u00e4nar lite extar uppm\u00e4rksamhet. Jag tog s\u00e4ger 50 bilder p\u00e5 den. Denna dag tog jag en massa bilder p\u00e5 ungef\u00e4r ett 13-tal andra individer av samma art.<br \/>\nDen \u00e4r skiljde sig markant &#8211; den var s\u00e5 nyfiken s\u00e5 den f\u00f6ljde efter mig&#8230;<br \/>\nDen h\u00f6ll sig p\u00e5 en mur som mvar kanske 10 meter l\u00e5ng. En bit bort ser jag en annan \u00f6dla. Jag g\u00e4r d\u00e4r\u00e5t. D\u00e5 h\u00e4nger den h\u00e4r p\u00e5? Den t.o.m. f\u00f6ljer efter mig n\u00e4r jag g\u00f6r en sv\u00e4ng runt en h\u00f6g med br\u00e5te och sedan n\u00e4r jag g\u00e5r tillbaka s\u00e5 kommer den igen, efter en stunds tvekan. M\u00e4rklig rackare.<br \/>\nStorlek,\u00a0ca 20cm.\n<\/div>\n<\/td>\n<\/tr>\n<tr>\n<td align=\"center\"><img style=\"width: 800px; height: 652px;\" title=\"\u00d6dla i Turkiet\" src=\"http:\/\/ngn.nu\/BilderT\/091022-DSC01844-Oedla-Turkiet-Kompr90-w800.JPG\" alt=\"[Bild: \u00d6dla  i Turkiet]\" \/><\/td>\n<\/tr>\n<tr>\n<td>\n<div id=\"EXIF\"><small><em>091022 Klockan: 11:40 <\/em><\/small><small><em>Br\u00e4nnvidd: <\/em><\/small><small><em>300 [450] ISO: 100 Slutare: 1\/800 Bl\u00e4ndare: F5,6<br \/>\nKamera: SONY DSLR-A100 Objektiv: <\/em><\/small><small><em>Sony 75-300 [35mm: 112,5-450] F4.5-5.6<\/em><\/small><br \/>\n<small><em><\/em><\/small><small><em><\/em><\/small><small><em><\/em><\/small><\/div>\n<\/td>\n<\/tr>\n<tr>\n<td>\n<div id=\"ngn_bild_text\">Jag kollar arterna n\u00e4rmre n\u00e4r jag kommer hem.\n<\/div>\n<\/td>\n<\/tr>\n<\/tbody>\n<\/table>\n","protected":false},"excerpt":{"rendered":"<p>\u00d6dla\u00a0i Turkiet (?) I mer centrala delen av Oba. Just den h\u00e4r individen f\u00f6rtj\u00e4nar lite extar uppm\u00e4rksamhet. Jag tog s\u00e4ger 50 bilder p\u00e5 den. Denna dag tog jag en massa bilder p\u00e5 ungef\u00e4r ett 13-tal andra individer av samma art. Den \u00e4r skiljde sig markant &#8211; den var s\u00e5 nyfiken s\u00e5 den f\u00f6ljde efter mig&#8230; [&hellip;]<\/p>\n","protected":false},"author":1,"featured_media":0,"comment_status":"open","ping_status":"closed","sticky":false,"template":"","format":"standard","meta":[],"categories":[10,639],"tags":[636,655,637],"_links":{"self":[{"href":"http:\/\/bilder.ngn.nu\/index.php\/wp-json\/wp\/v2\/posts\/762"}],"collection":[{"href":"http:\/\/bilder.ngn.nu\/index.php\/wp-json\/wp\/v2\/posts"}],"about":[{"href":"http:\/\/bilder.ngn.nu\/index.php\/wp-json\/wp\/v2\/types\/post"}],"author":[{"embeddable":true,"href":"http:\/\/bilder.ngn.nu\/index.php\/wp-json\/wp\/v2\/users\/1"}],"replies":[{"embeddable":true,"href":"http:\/\/bilder.ngn.nu\/index.php\/wp-json\/wp\/v2\/comments?post=762"}],"version-history":[{"count":0,"href":"http:\/\/bilder.ngn.nu\/index.php\/wp-json\/wp\/v2\/posts\/762\/revisions"}],"wp:attachment":[{"href":"http:\/\/bilder.ngn.nu\/index.php\/wp-json\/wp\/v2\/media?parent=762"}],"wp:term":[{"taxonomy":"category","embeddable":true,"href":"http:\/\/bilder.ngn.nu\/index.php\/wp-json\/wp\/v2\/categories?post=762"},{"taxonomy":"post_tag","embeddable":true,"href":"http:\/\/bilder.ngn.nu\/index.php\/wp-json\/wp\/v2\/tags?post=762"}],"curies":[{"name":"wp","href":"https:\/\/api.w.org\/{rel}","templated":true}]}}