{"id":765,"date":"2009-11-01T12:42:38","date_gmt":"2009-11-01T10:42:38","guid":{"rendered":"http:\/\/bilder.ngn.nu\/?p=765"},"modified":"2009-11-07T19:22:08","modified_gmt":"2009-11-07T17:22:08","slug":"odla-30","status":"publish","type":"post","link":"http:\/\/bilder.ngn.nu\/index.php\/2009\/11\/01\/odla-30\/","title":{"rendered":"\u00d6dla"},"content":{"rendered":"<table style=\"width: 800px;\" border=\"0\">\n<tbody>\n<tr>\n<td>\n<div id=\"ngn_bild_rubrik\"><strong>\u00d6dla i Turkiet<\/strong> (<span style=\"font-style: italic;\">?<\/span>)<a name=\"Oedla\"><\/a><\/div>\n<\/td>\n<\/tr>\n<tr>\n<td>\n<div id=\"ngn_bild_text_above\">Den h\u00e4r trotsade alla turiset inne p\u00e5 borgomr\u00e5det. Den hade hittat en liten skyddande &#8217;h\u00e5la&#8217;.<br \/>\nStorlek,\u00a0ca 15cm.<\/div>\n<\/td>\n<\/tr>\n<tr>\n<td align=\"center\"><img style=\"width: 850px; height: 603px;\" title=\"\u00d6dla i Turkiet\" src=\"http:\/\/ngn.nu\/BilderT\/091101-DSCN0286-Oedla-Turkiet-Kompr70-w800.JPG\" alt=\"[Bild: \u00d6dla  i Turkiet]\" \/><\/td>\n<\/tr>\n<tr>\n<td>\n<div id=\"EXIF\"><small><em>091101 Klockan: 12:43 <\/em><\/small><small><em>Br\u00e4nnvidd: <\/em><\/small><small><em> 20 [?] ISO: 100 Slutare: 1\/200 Bl\u00e4ndare: F5,8<br \/>\n<\/em><\/small><small><em> Kamera: NIKON CoolPix S620 Objektiv: NIKKOR 5-20 [35mm: ?-?] F2,7-5.8<\/em><\/small><small><em><\/em><\/small><br \/>\n<small><em><\/em><\/small><small><em><\/em><\/small><small><em><\/em><\/small><\/div>\n<\/td>\n<\/tr>\n<tr>\n<td>\n<div id=\"ngn_bild_text\">Jag kollar arterna n\u00e4rmre n\u00e4r jag kommer hem.<\/div>\n<\/td>\n<\/tr>\n<\/tbody>\n<\/table>\n","protected":false},"excerpt":{"rendered":"<p>\u00d6dla i Turkiet (?) Den h\u00e4r trotsade alla turiset inne p\u00e5 borgomr\u00e5det. Den hade hittat en liten skyddande &#8217;h\u00e5la&#8217;. Storlek,\u00a0ca 15cm. 091101 Klockan: 12:43 Br\u00e4nnvidd: 20 [?] ISO: 100 Slutare: 1\/200 Bl\u00e4ndare: F5,8 Kamera: NIKON CoolPix S620 Objektiv: NIKKOR 5-20 [35mm: ?-?] F2,7-5.8 Jag kollar arterna n\u00e4rmre n\u00e4r jag kommer hem.<\/p>\n","protected":false},"author":1,"featured_media":0,"comment_status":"open","ping_status":"closed","sticky":false,"template":"","format":"standard","meta":[],"categories":[10,1,639],"tags":[636,656,637],"_links":{"self":[{"href":"http:\/\/bilder.ngn.nu\/index.php\/wp-json\/wp\/v2\/posts\/765"}],"collection":[{"href":"http:\/\/bilder.ngn.nu\/index.php\/wp-json\/wp\/v2\/posts"}],"about":[{"href":"http:\/\/bilder.ngn.nu\/index.php\/wp-json\/wp\/v2\/types\/post"}],"author":[{"embeddable":true,"href":"http:\/\/bilder.ngn.nu\/index.php\/wp-json\/wp\/v2\/users\/1"}],"replies":[{"embeddable":true,"href":"http:\/\/bilder.ngn.nu\/index.php\/wp-json\/wp\/v2\/comments?post=765"}],"version-history":[{"count":0,"href":"http:\/\/bilder.ngn.nu\/index.php\/wp-json\/wp\/v2\/posts\/765\/revisions"}],"wp:attachment":[{"href":"http:\/\/bilder.ngn.nu\/index.php\/wp-json\/wp\/v2\/media?parent=765"}],"wp:term":[{"taxonomy":"category","embeddable":true,"href":"http:\/\/bilder.ngn.nu\/index.php\/wp-json\/wp\/v2\/categories?post=765"},{"taxonomy":"post_tag","embeddable":true,"href":"http:\/\/bilder.ngn.nu\/index.php\/wp-json\/wp\/v2\/tags?post=765"}],"curies":[{"name":"wp","href":"https:\/\/api.w.org\/{rel}","templated":true}]}}