{"id":782,"date":"2009-11-19T10:55:25","date_gmt":"2009-11-19T08:55:25","guid":{"rendered":"http:\/\/bilder.ngn.nu\/index.php\/2009\/11\/19\/fjaril-40\/"},"modified":"2009-11-19T10:55:25","modified_gmt":"2009-11-19T08:55:25","slug":"fjaril-40","status":"publish","type":"post","link":"http:\/\/bilder.ngn.nu\/index.php\/2009\/11\/19\/fjaril-40\/","title":{"rendered":"Fj\u00e4ril"},"content":{"rendered":"<table style=\"width: 800px;\" border=\"0\">\n<tbody>\n<tr>\n<td>\n<div id=\"ngn_bild_rubrik\"><strong>Fj\u00e4ril i Turkiet<\/strong> (<span style=\"font-style: italic;\">?<\/span>)<a name=\"Fjaeril\"><\/a><\/div>\n<\/td>\n<\/tr>\n<tr>\n<td>\n<div id=\"ngn_bild_text_above\">Storlek, vingspann ca 25mm.<br \/>\nLite tilltufsad p\u00e5 sin nedre v\u00e4nstra vinge.\n<\/div>\n<\/td>\n<\/tr>\n<tr>\n<td align=\"center\"><img style=\"width: 800px; height: 510px;\" title=\"Fj\u00e4ril i Turkiet\" src=\"http:\/\/ngn.nu\/BilderT\/091119-DSC02251+2234-Fjaeril-Turkiet-Kompr80-w800.JPG\" alt=\"[Bild: Fj\u00e4ril  i Turkiet]\" \/><\/td>\n<\/tr>\n<tr>\n<td>\n<div id=\"EXIF\"><small><em>Stora bilden:<br \/>\n091119 Klockan: 10:55 <\/em><\/small><small><em><\/em><\/small><small><em><\/em><\/small><small><em>Br\u00e4nnvidd: <\/em><\/small><small><em>300 [450] ISO: 100 Slutare: 1\/500 Bl\u00e4ndare: F5,6<br \/>\nKamera: SONY DSLR-A100 Objektiv: <\/em><\/small><small><em>Sony 75-300 [35mm: 112,5-450] F4.5-5.6<\/em><\/small><br \/>\n<small><em>Inf\u00e4llda bilden:<br \/>\n091119 Klockan: 10:55 <\/em><\/small><small><em><\/em><\/small><small><em><\/em><\/small><small><em>Br\u00e4nnvidd: <\/em><\/small><small><em>300 [450] ISO: 160 Slutare: 1\/500 Bl\u00e4ndare: F5,6<br \/>\nKamera: SONY DSLR-A100 Objektiv: <\/em><\/small><small><em>Sony 75-300 [35mm: 112,5-450] F4.5-5.6<\/em><\/small><br \/>\n<small><em><\/em><\/small><small><em><\/em><\/small><small><em><\/em><\/small><\/div>\n<\/td>\n<\/tr>\n<tr>\n<td>\n<div id=\"ngn_bild_text\">Jag kollar arterna n\u00e4rmre n\u00e4r jag kommer hem.\n<\/div>\n<\/td>\n<\/tr>\n<\/tbody>\n<\/table>\n","protected":false},"excerpt":{"rendered":"<p>Fj\u00e4ril i Turkiet (?) Storlek, vingspann ca 25mm. Lite tilltufsad p\u00e5 sin nedre v\u00e4nstra vinge. Stora bilden: 091119 Klockan: 10:55 Br\u00e4nnvidd: 300 [450] ISO: 100 Slutare: 1\/500 Bl\u00e4ndare: F5,6 Kamera: SONY DSLR-A100 Objektiv: Sony 75-300 [35mm: 112,5-450] F4.5-5.6 Inf\u00e4llda bilden: 091119 Klockan: 10:55 Br\u00e4nnvidd: 300 [450] ISO: 160 Slutare: 1\/500 Bl\u00e4ndare: F5,6 Kamera: SONY DSLR-A100 [&hellip;]<\/p>\n","protected":false},"author":1,"featured_media":0,"comment_status":"open","ping_status":"closed","sticky":false,"template":"","format":"standard","meta":[],"categories":[110,639],"tags":[636,637,647],"_links":{"self":[{"href":"http:\/\/bilder.ngn.nu\/index.php\/wp-json\/wp\/v2\/posts\/782"}],"collection":[{"href":"http:\/\/bilder.ngn.nu\/index.php\/wp-json\/wp\/v2\/posts"}],"about":[{"href":"http:\/\/bilder.ngn.nu\/index.php\/wp-json\/wp\/v2\/types\/post"}],"author":[{"embeddable":true,"href":"http:\/\/bilder.ngn.nu\/index.php\/wp-json\/wp\/v2\/users\/1"}],"replies":[{"embeddable":true,"href":"http:\/\/bilder.ngn.nu\/index.php\/wp-json\/wp\/v2\/comments?post=782"}],"version-history":[{"count":0,"href":"http:\/\/bilder.ngn.nu\/index.php\/wp-json\/wp\/v2\/posts\/782\/revisions"}],"wp:attachment":[{"href":"http:\/\/bilder.ngn.nu\/index.php\/wp-json\/wp\/v2\/media?parent=782"}],"wp:term":[{"taxonomy":"category","embeddable":true,"href":"http:\/\/bilder.ngn.nu\/index.php\/wp-json\/wp\/v2\/categories?post=782"},{"taxonomy":"post_tag","embeddable":true,"href":"http:\/\/bilder.ngn.nu\/index.php\/wp-json\/wp\/v2\/tags?post=782"}],"curies":[{"name":"wp","href":"https:\/\/api.w.org\/{rel}","templated":true}]}}