{"id":784,"date":"2009-11-24T14:29:28","date_gmt":"2009-11-24T12:29:28","guid":{"rendered":"http:\/\/bilder.ngn.nu\/?p=784"},"modified":"2009-11-24T19:03:47","modified_gmt":"2009-11-24T17:03:47","slug":"myror-4","status":"publish","type":"post","link":"http:\/\/bilder.ngn.nu\/index.php\/2009\/11\/24\/myror-4\/","title":{"rendered":"Myror"},"content":{"rendered":"<table style=\"width: 800px;\" border=\"0\">\n<tbody>\n<tr>\n<td>\n<div id=\"ngn_bild_rubrik\"><strong>Myror i Turkiet<\/strong> (<span style=\"font-style: italic;\">?<\/span>)<a name=\"Myror\"><\/a><\/div>\n<\/td>\n<\/tr>\n<tr>\n<td>\n<div id=\"ngn_bild_text_above\">Stora myran ca 6-7mm, lilla ca 3-4mm.\n<\/div>\n<\/td>\n<\/tr>\n<tr>\n<td align=\"center\"><img style=\"width: 800px; height: 618px;\" title=\"Myror i Turkiet\" src=\"http:\/\/ngn.nu\/BilderT\/091124-DSC02383+2363+2370-Myror-Turkiet-Kompr80-w800.JPG\" alt=\"[Bild: Myror  i Turkiet]\" \/><\/td>\n<\/tr>\n<tr>\n<td>\n<div id=\"EXIF\"><small><em>Stora bilden:<br \/>\n091124 Klockan: 14:29 <\/em><\/small><small><em><\/em><\/small><small><em><\/em><\/small><small><em>Br\u00e4nnvidd: 110<\/em><\/small><small><em> [165] ISO: 200 Slutare: 1\/160 Bl\u00e4ndare: F5,6<br \/>\nKamera: SONY DSLR-A100 Objektiv: <\/em><\/small><small><em>Sony 75-300 [35mm: 112,5-450] F4.5-5.6<\/em><\/small><br \/>\n<small><em>Inf\u00e4llda bilden \u00f6verst till v\u00e4nster:<br \/>\n091124 Klockan: 14:29 <\/em><\/small><small><em><\/em><\/small><small><em><\/em><\/small><small><em>Br\u00e4nnvidd: <\/em><\/small><small><em>300 [450] ISO: 400 Slutare: 1\/500 Bl\u00e4ndare: F6,3<br \/>\nKamera: SONY DSLR-A100 Objektiv: <\/em><\/small><small><em>Sony 75-300 [35mm: 112,5-450] F4.5-5.6<br \/>\n<\/em><\/small><small><em>Inf\u00e4llda bilden nederst till v\u00e4nster:<\/em><\/small><br \/>\n<small><em>091124 Klockan: 14:29 <\/em><\/small><small><em><\/em><\/small><small><em><\/em><\/small><small><em>Br\u00e4nnvidd: <\/em><\/small><small><em>300 [450] ISO: 400 Slutare: 1\/500 Bl\u00e4ndare: F6,3<br \/>\nKamera: SONY DSLR-A100 Objektiv: <\/em><\/small><small><em>Sony 75-300 [35mm: 112,5-450] F4.5-5.6<\/em><\/small><br \/>\n<small><em><\/em><\/small><small><em><\/em><\/small><small><em><\/em><\/small><\/div>\n<\/td>\n<\/tr>\n<tr>\n<td>\n<div id=\"ngn_bild_text\">Jag kollar arterna n\u00e4rmre n\u00e4r jag kommer hem.<br \/>\nDe inf\u00e4llda bilderna &#8217;f\u00f6rb\u00e4ttrade&#8217; jag lite via Oskarp Mask.\n<\/div>\n<\/td>\n<\/tr>\n<\/tbody>\n<\/table>\n","protected":false},"excerpt":{"rendered":"<p>Myror i Turkiet (?) Stora myran ca 6-7mm, lilla ca 3-4mm. Stora bilden: 091124 Klockan: 14:29 Br\u00e4nnvidd: 110 [165] ISO: 200 Slutare: 1\/160 Bl\u00e4ndare: F5,6 Kamera: SONY DSLR-A100 Objektiv: Sony 75-300 [35mm: 112,5-450] F4.5-5.6 Inf\u00e4llda bilden \u00f6verst till v\u00e4nster: 091124 Klockan: 14:29 Br\u00e4nnvidd: 300 [450] ISO: 400 Slutare: 1\/500 Bl\u00e4ndare: F6,3 Kamera: SONY DSLR-A100 Objektiv: [&hellip;]<\/p>\n","protected":false},"author":1,"featured_media":0,"comment_status":"open","ping_status":"closed","sticky":false,"template":"","format":"standard","meta":[],"categories":[114,639],"tags":[636,637,647],"_links":{"self":[{"href":"http:\/\/bilder.ngn.nu\/index.php\/wp-json\/wp\/v2\/posts\/784"}],"collection":[{"href":"http:\/\/bilder.ngn.nu\/index.php\/wp-json\/wp\/v2\/posts"}],"about":[{"href":"http:\/\/bilder.ngn.nu\/index.php\/wp-json\/wp\/v2\/types\/post"}],"author":[{"embeddable":true,"href":"http:\/\/bilder.ngn.nu\/index.php\/wp-json\/wp\/v2\/users\/1"}],"replies":[{"embeddable":true,"href":"http:\/\/bilder.ngn.nu\/index.php\/wp-json\/wp\/v2\/comments?post=784"}],"version-history":[{"count":0,"href":"http:\/\/bilder.ngn.nu\/index.php\/wp-json\/wp\/v2\/posts\/784\/revisions"}],"wp:attachment":[{"href":"http:\/\/bilder.ngn.nu\/index.php\/wp-json\/wp\/v2\/media?parent=784"}],"wp:term":[{"taxonomy":"category","embeddable":true,"href":"http:\/\/bilder.ngn.nu\/index.php\/wp-json\/wp\/v2\/categories?post=784"},{"taxonomy":"post_tag","embeddable":true,"href":"http:\/\/bilder.ngn.nu\/index.php\/wp-json\/wp\/v2\/tags?post=784"}],"curies":[{"name":"wp","href":"https:\/\/api.w.org\/{rel}","templated":true}]}}