{"id":796,"date":"2009-11-25T11:46:20","date_gmt":"2009-11-25T09:46:20","guid":{"rendered":"http:\/\/bilder.ngn.nu\/?p=796"},"modified":"2009-11-26T13:57:03","modified_gmt":"2009-11-26T11:57:03","slug":"skoldpadda-4","status":"publish","type":"post","link":"http:\/\/bilder.ngn.nu\/index.php\/2009\/11\/25\/skoldpadda-4\/","title":{"rendered":"Sk\u00f6ldpadda"},"content":{"rendered":"<table style=\"width: 800px;\" border=\"0\">\n<tbody>\n<tr>\n<td>\n<div id=\"ngn_bild_rubrik\"><strong>Turkisk landsk\u00f6ldpadda<\/strong> (<span style=\"font-style: italic;\">Testudo graeca ibera<\/span>), i Turkiet<a name=\"Rubrik\"><\/a><\/div>\n<\/td>\n<\/tr>\n<tr>\n<td>\n<div id=\"ngn_bild_text_above\">L\u00e4ngd ca 8cm (skalet)<br \/>\n[Not (091126) Jag vill f\u00f6rtydliga att det h\u00f6r till undantagsfallen att jag tar i eller manipulerar de djur jag tar bilder p\u00e5. Till 99,99% petar jag inte p\u00e5 djuren eller dess omgivning. De bilder jag tar vill jag ska vara fr\u00e4mst naturliga.<br \/>\nAtt jag gjorde ett undantag med den h\u00e4r lille var mest f\u00f6r att visa hur liten den egentligen \u00e4r.]<\/div>\n<\/td>\n<\/tr>\n<tr>\n<td align=\"center\"><img style=\"width: 800px; height: 567px;\" title=\"Turkisk landsk\u00f6ldpadda (Testudo graeca ibera), i Turkiet\" src=\"http:\/\/ngn.nu\/BilderT\/091125-DSC02519+DSCN0520-Skoeldpadda-Turkiet-Kompr80-w800.JPG\" alt=\"[Bild: Turkisk landsk\u00f6ldpadda (Testudo graeca ibera), i Turkiet]\" \/><\/td>\n<\/tr>\n<tr>\n<td>\n<div id=\"EXIF\"><small><em>Stora bilden:<br \/>\n091125 Klockan: 11:46 <\/em><\/small><small><em><\/em><\/small><small><em><\/em><\/small><small><em>Br\u00e4nnvidd: 75<\/em><\/small><small><em>[112] ISO: 100 Slutare: 1\/320 Bl\u00e4ndare: F5,6<br \/>\nKamera: SONY DSLR-A100 Objektiv: <\/em><\/small><small><em>Sony 75-300 [35mm: 112,5-450] F4.5-5.6<\/em><\/small><br \/>\n<small><em>Inf\u00e4llda bilden:<br \/>\n091125 Klockan: 11:55 <\/em><\/small><small><em><\/em><\/small><small><em><\/em><\/small><small><em>Br\u00e4nnvidd:<\/em><\/small><small><em> 5 [?] ISO: 100 Slutare: 1\/320 Bl\u00e4ndare: F2,7<br \/>\n<\/em><\/small><small><em>Kamera: NIKON CoolPix S620 Objektiv: NIKKOR 5-20 [35mm: ?-?] F2,7-5.8<\/em><\/small><small><em><\/em><\/small><small><em><\/em><\/small><br \/>\n<small><em><\/em><\/small><small><em><\/em><\/small><small><em><\/em><\/small><\/div>\n<\/td>\n<\/tr>\n<tr>\n<td>\n<div id=\"ngn_bild_text\">Jag kollar arterna n\u00e4rmre n\u00e4r jag kommer hem.<\/div>\n<\/td>\n<\/tr>\n<\/tbody>\n<\/table>\n","protected":false},"excerpt":{"rendered":"<p>Turkisk landsk\u00f6ldpadda (Testudo graeca ibera), i Turkiet L\u00e4ngd ca 8cm (skalet) [Not (091126) Jag vill f\u00f6rtydliga att det h\u00f6r till undantagsfallen att jag tar i eller manipulerar de djur jag tar bilder p\u00e5. Till 99,99% petar jag inte p\u00e5 djuren eller dess omgivning. De bilder jag tar vill jag ska vara fr\u00e4mst naturliga. Att jag [&hellip;]<\/p>\n","protected":false},"author":1,"featured_media":0,"comment_status":"open","ping_status":"closed","sticky":false,"template":"","format":"standard","meta":[],"categories":[643],"tags":[636,637,647],"_links":{"self":[{"href":"http:\/\/bilder.ngn.nu\/index.php\/wp-json\/wp\/v2\/posts\/796"}],"collection":[{"href":"http:\/\/bilder.ngn.nu\/index.php\/wp-json\/wp\/v2\/posts"}],"about":[{"href":"http:\/\/bilder.ngn.nu\/index.php\/wp-json\/wp\/v2\/types\/post"}],"author":[{"embeddable":true,"href":"http:\/\/bilder.ngn.nu\/index.php\/wp-json\/wp\/v2\/users\/1"}],"replies":[{"embeddable":true,"href":"http:\/\/bilder.ngn.nu\/index.php\/wp-json\/wp\/v2\/comments?post=796"}],"version-history":[{"count":0,"href":"http:\/\/bilder.ngn.nu\/index.php\/wp-json\/wp\/v2\/posts\/796\/revisions"}],"wp:attachment":[{"href":"http:\/\/bilder.ngn.nu\/index.php\/wp-json\/wp\/v2\/media?parent=796"}],"wp:term":[{"taxonomy":"category","embeddable":true,"href":"http:\/\/bilder.ngn.nu\/index.php\/wp-json\/wp\/v2\/categories?post=796"},{"taxonomy":"post_tag","embeddable":true,"href":"http:\/\/bilder.ngn.nu\/index.php\/wp-json\/wp\/v2\/tags?post=796"}],"curies":[{"name":"wp","href":"https:\/\/api.w.org\/{rel}","templated":true}]}}