{"id":879,"date":"2010-04-14T12:38:04","date_gmt":"2010-04-14T10:38:04","guid":{"rendered":"http:\/\/bilder.ngn.nu\/index.php\/2010\/04\/14\/snokar-21\/"},"modified":"2010-04-14T12:38:04","modified_gmt":"2010-04-14T10:38:04","slug":"snokar-21","status":"publish","type":"post","link":"http:\/\/bilder.ngn.nu\/index.php\/2010\/04\/14\/snokar-21\/","title":{"rendered":"Snokar"},"content":{"rendered":"<table style=\"width: 800px;\" border=\"0\">\n<tbody>\n<tr>\n<td>\n<div id=\"ngn_bild_rubrik\">\n<div id=\"ngn_bild_rubrik\"><strong>Snok<\/strong> (<span style=\"font-style: italic;\">Natrix natrix<\/span>)<a name=\"Rubrik\"><\/a>\n<\/div>\n<\/div>\n<\/td>\n<\/tr>\n<tr>\n<td>\n<div id=\"ngn_bild_text_above\"><span style=\"font-weight: bold;\">L\u00e4ngd:<\/span> upp till 140cm<br \/>\nDe h\u00e4r tv\u00e5 hittade jag p\u00e5 lite till v\u00e4nster om platsen f\u00f6r ig\u00e5r. Den lilla snoken kan vara samma individ. Den stora \u00e4r definitivt en annan. <a href=\"..\/index.php\/2010\/04\/13\/snokar-20\/#Rubrik2\" target=\"_blank\">Den ig\u00e5r<\/a> hade n\u00e4stan inga gula fl\u00e4ckar alls den h\u00e4r har v\u00e4ldigt v\u00e4l synliga gula fl\u00e4ckar. Dessutom har den ett vitt &#8217;\u00e4rr&#8217; mitt uppe p\u00e5 huvudet.\n<\/div>\n<\/td>\n<\/tr>\n<tr>\n<td align=\"center\"><img style=\"width: 800px; height: 624px;\" title=\"Snok (Natrix natrix)\" src=\"http:\/\/ngn.nu\/Pict\/2010\/100414-DSC00382+375+380-Snokar-Kompr70-w800.jpg\" alt=\"[Bild: Snok (Natrix natrix)]\" \/><\/td>\n<\/tr>\n<tr>\n<td>\n<div id=\"EXIF\"><small><em>Stora bilden:<br \/>\n100414 Klockan: 12:38 Br\u00e4nnvidd:<\/em><\/small><small><em> 70 [105] ISO: 100 Slutare: 1\/500 Bl\u00e4ndare: F5.6<br \/>\nKamera: SONY DSLR-A230 Objektiv: SIGMA 70-300 [105-450] \/4-5.6<\/em><\/small><br \/>\n<small><em>Inf\u00e4llda bilden till v\u00e4nster:<br \/>\n100414 Klockan: 12:36 Br\u00e4nnvidd: 200 [300] ISO: 100 Slutare: 1\/500 Bl\u00e4ndare: F5.6<br \/>\nKamera: SONY DSLR-A230 Objektiv: SIGMA 70-300 [105-450] \/4-5.6<br \/>\n<\/em><\/small><small><em>Inf\u00e4llda bilden till h\u00f6ger<\/em><\/small><small><em>:<br \/>\n100414 Klockan: 12:37 Br\u00e4nnvidd: 200 [300] ISO: 100 Slutare: 1\/64 Bl\u00e4ndare: F5.6<br \/>\nKamera: SONY DSLR-A230 Objektiv: SIGMA 70-300 [105-450] \/4-5.6<\/em><\/small>\n<\/div>\n<\/td>\n<\/tr>\n<tr>\n<td>\n<div id=\"ngn_bild_text\">\n<\/div>\n<\/td>\n<\/tr>\n<\/tbody>\n<\/table>\n","protected":false},"excerpt":{"rendered":"<p>Snok (Natrix natrix) L\u00e4ngd: upp till 140cm De h\u00e4r tv\u00e5 hittade jag p\u00e5 lite till v\u00e4nster om platsen f\u00f6r ig\u00e5r. Den lilla snoken kan vara samma individ. Den stora \u00e4r definitivt en annan. Den ig\u00e5r hade n\u00e4stan inga gula fl\u00e4ckar alls den h\u00e4r har v\u00e4ldigt v\u00e4l synliga gula fl\u00e4ckar. Dessutom har den ett vitt &#8217;\u00e4rr&#8217; [&hellip;]<\/p>\n","protected":false},"author":1,"featured_media":0,"comment_status":"open","ping_status":"closed","sticky":false,"template":"","format":"standard","meta":[],"categories":[15],"tags":[497],"_links":{"self":[{"href":"http:\/\/bilder.ngn.nu\/index.php\/wp-json\/wp\/v2\/posts\/879"}],"collection":[{"href":"http:\/\/bilder.ngn.nu\/index.php\/wp-json\/wp\/v2\/posts"}],"about":[{"href":"http:\/\/bilder.ngn.nu\/index.php\/wp-json\/wp\/v2\/types\/post"}],"author":[{"embeddable":true,"href":"http:\/\/bilder.ngn.nu\/index.php\/wp-json\/wp\/v2\/users\/1"}],"replies":[{"embeddable":true,"href":"http:\/\/bilder.ngn.nu\/index.php\/wp-json\/wp\/v2\/comments?post=879"}],"version-history":[{"count":0,"href":"http:\/\/bilder.ngn.nu\/index.php\/wp-json\/wp\/v2\/posts\/879\/revisions"}],"wp:attachment":[{"href":"http:\/\/bilder.ngn.nu\/index.php\/wp-json\/wp\/v2\/media?parent=879"}],"wp:term":[{"taxonomy":"category","embeddable":true,"href":"http:\/\/bilder.ngn.nu\/index.php\/wp-json\/wp\/v2\/categories?post=879"},{"taxonomy":"post_tag","embeddable":true,"href":"http:\/\/bilder.ngn.nu\/index.php\/wp-json\/wp\/v2\/tags?post=879"}],"curies":[{"name":"wp","href":"https:\/\/api.w.org\/{rel}","templated":true}]}}