{"id":894,"date":"2010-05-31T02:22:22","date_gmt":"2010-05-31T00:22:22","guid":{"rendered":"http:\/\/bilder.ngn.nu\/index.php\/2010\/05\/31\/snok-42\/"},"modified":"2010-05-31T02:22:22","modified_gmt":"2010-05-31T00:22:22","slug":"snok-42","status":"publish","type":"post","link":"http:\/\/bilder.ngn.nu\/index.php\/2010\/05\/31\/snok-42\/","title":{"rendered":"Snok"},"content":{"rendered":"<table style=\"width: 800px;\" border=\"0\">\n<tbody>\n<tr>\n<td>\n<div id=\"ngn_bild_rubrik\">\n<div id=\"ngn_bild_rubrik\"><strong>Snok<\/strong> (<span style=\"font-style: italic;\">Natrix natrix<\/span>)<a name=\"Rubrik\"><\/a>\n<\/div>\n<\/div>\n<\/td>\n<\/tr>\n<tr>\n<td>\n<div id=\"ngn_bild_text_above\"><span style=\"font-weight: bold;\">L\u00e4ngd:<\/span> upp till 140cm. Den h\u00e4r \u00e4r v\u00e4l ca 120cm\n<\/div>\n<\/td>\n<\/tr>\n<tr>\n<td>\n<div id=\"ngn_bild_text_above\">Det som \u00e4r speciellt intressant med den h\u00e4r \u00e4r att den har s\u00e5 svagt markerade gula fl\u00e4ckar men v\u00e4ldigt markerade svarta.\n<\/div>\n<\/td>\n<\/tr>\n<tr>\n<td align=\"center\"><img style=\"width: 800px; height: 478px;\" title=\"Snok (Natrix natrix)\" src=\"http:\/\/ngn.nu\/Pict\/2010\/100531-DSC00721+717-Snok-Kompr70-w800.jpg\" alt=\"[Bild: Snok (Natrix natrix)]\" \/><\/td>\n<\/tr>\n<tr>\n<td>\n<div id=\"EXIF\"><small><em>Stora bilden:<br \/>\n100531 Klockan: 09:22 Br\u00e4nnvidd: 70 [105] ISO: 100 Slutare: 1\/400 Bl\u00e4ndare: F5.6<br \/>\nKamera: <\/em><\/small><small><em>SONY DSLR-A230 Objektiv: SIGMA 70-300 [105-450] \/ 4-5.6<\/em><\/small><br \/>\n<small><em>Inf\u00e4llda bilden:<br \/>\n100531 Klockan: 09:21 Br\u00e4nnvidd: 300 [450] ISO: 100 Slutare: 1\/500 Bl\u00e4ndare: F6.3<br \/>\nKamera: <\/em><\/small><small><em>SONY DSLR-A230 Objektiv: SIGMA 70-300 [105-450] \/ 4-5.6<\/em><\/small><\/div>\n<\/td>\n<\/tr>\n<tr>\n<td>\n<div id=\"ngn_bild_text\">\n<\/div>\n<\/td>\n<\/tr>\n<\/tbody>\n<\/table>\n","protected":false},"excerpt":{"rendered":"<p>Snok (Natrix natrix) L\u00e4ngd: upp till 140cm. Den h\u00e4r \u00e4r v\u00e4l ca 120cm Det som \u00e4r speciellt intressant med den h\u00e4r \u00e4r att den har s\u00e5 svagt markerade gula fl\u00e4ckar men v\u00e4ldigt markerade svarta. Stora bilden: 100531 Klockan: 09:22 Br\u00e4nnvidd: 70 [105] ISO: 100 Slutare: 1\/400 Bl\u00e4ndare: F5.6 Kamera: SONY DSLR-A230 Objektiv: SIGMA 70-300 [105-450] [&hellip;]<\/p>\n","protected":false},"author":1,"featured_media":0,"comment_status":"open","ping_status":"closed","sticky":false,"template":"","format":"standard","meta":[],"categories":[15],"tags":[69],"_links":{"self":[{"href":"http:\/\/bilder.ngn.nu\/index.php\/wp-json\/wp\/v2\/posts\/894"}],"collection":[{"href":"http:\/\/bilder.ngn.nu\/index.php\/wp-json\/wp\/v2\/posts"}],"about":[{"href":"http:\/\/bilder.ngn.nu\/index.php\/wp-json\/wp\/v2\/types\/post"}],"author":[{"embeddable":true,"href":"http:\/\/bilder.ngn.nu\/index.php\/wp-json\/wp\/v2\/users\/1"}],"replies":[{"embeddable":true,"href":"http:\/\/bilder.ngn.nu\/index.php\/wp-json\/wp\/v2\/comments?post=894"}],"version-history":[{"count":0,"href":"http:\/\/bilder.ngn.nu\/index.php\/wp-json\/wp\/v2\/posts\/894\/revisions"}],"wp:attachment":[{"href":"http:\/\/bilder.ngn.nu\/index.php\/wp-json\/wp\/v2\/media?parent=894"}],"wp:term":[{"taxonomy":"category","embeddable":true,"href":"http:\/\/bilder.ngn.nu\/index.php\/wp-json\/wp\/v2\/categories?post=894"},{"taxonomy":"post_tag","embeddable":true,"href":"http:\/\/bilder.ngn.nu\/index.php\/wp-json\/wp\/v2\/tags?post=894"}],"curies":[{"name":"wp","href":"https:\/\/api.w.org\/{rel}","templated":true}]}}