{"id":902,"date":"2010-06-12T08:51:11","date_gmt":"2010-06-12T06:51:11","guid":{"rendered":"http:\/\/bilder.ngn.nu\/?p=902"},"modified":"2010-08-04T16:55:42","modified_gmt":"2010-08-04T14:55:42","slug":"gravstekel","status":"publish","type":"post","link":"http:\/\/bilder.ngn.nu\/index.php\/2010\/06\/12\/gravstekel\/","title":{"rendered":"Gr\u00e4vstekel"},"content":{"rendered":"<table style=\"width: 800px;\" border=\"0\">\n<tbody>\n<tr>\n<td>\n<div id=\"ngn_bild_rubrik\"><span style=\"font-weight: bold;\">Gr\u00e4vstekel<\/span> (<span style=\"font-style: italic;\">Sceliphron destillatorum<\/span>)<a name=\"Rubrik\"><\/a>\n<\/div>\n<\/td>\n<\/tr>\n<tr>\n<td>\n<div id=\"ngn_bild_text_above\"><span style=\"font-weight: bold;\">L\u00e4ngd:<\/span> hela kroppen ca 15-20mm\n<\/div>\n<\/td>\n<\/tr>\n<tr>\n<td align=\"center\"><img style=\"width: 800px; height: 530px;\" title=\"Gr\u00e4vstekel (Sceliphron destillatorum)\" src=\"http:\/\/ngn.nu\/Pict\/2010\/100612-DSC00837-Stekel-Kompr80-w800.jpg\" alt=\"[Bild: Gr\u00e4vstekel (Sceliphron destillatorum)]\" \/><\/td>\n<\/tr>\n<tr>\n<td>\n<div id=\"EXIF\"><small><em>100612<\/em><\/small><small><em> Klockan: 08:51 Br\u00e4nnvidd: 300 [450] ISO: 125 Slutare: 1\/500 Bl\u00e4ndare: F5.6<br \/>\nKamera: <\/em><\/small><small><em>SONY DSLR-A230 Objektiv: SIGMA 70-300 [105-450] \/ 4-5.6<\/em><\/small>\n<\/div>\n<\/td>\n<\/tr>\n<tr>\n<td>H\u00e4r har jag &#8217;maskat&#8217; ut insekten och stenen och lagt en ganska kraftig osk\u00e4rpa p\u00e5 bakgrunden. Sj\u00e4lva insekten har ocks\u00e5 f\u00e5tt sig en tydlighetsf\u00f6rst\u00e4rkning via &#8217;oskarp mask&#8217;.<\/td>\n<\/tr>\n<\/tbody>\n<\/table>\n","protected":false},"excerpt":{"rendered":"<p>Gr\u00e4vstekel (Sceliphron destillatorum) L\u00e4ngd: hela kroppen ca 15-20mm 100612 Klockan: 08:51 Br\u00e4nnvidd: 300 [450] ISO: 125 Slutare: 1\/500 Bl\u00e4ndare: F5.6 Kamera: SONY DSLR-A230 Objektiv: SIGMA 70-300 [105-450] \/ 4-5.6 H\u00e4r har jag &#8217;maskat&#8217; ut insekten och stenen och lagt en ganska kraftig osk\u00e4rpa p\u00e5 bakgrunden. Sj\u00e4lva insekten har ocks\u00e5 f\u00e5tt sig en tydlighetsf\u00f6rst\u00e4rkning via &#8217;oskarp [&hellip;]<\/p>\n","protected":false},"author":1,"featured_media":0,"comment_status":"open","ping_status":"closed","sticky":false,"template":"","format":"standard","meta":[],"categories":[700],"tags":[702,701],"_links":{"self":[{"href":"http:\/\/bilder.ngn.nu\/index.php\/wp-json\/wp\/v2\/posts\/902"}],"collection":[{"href":"http:\/\/bilder.ngn.nu\/index.php\/wp-json\/wp\/v2\/posts"}],"about":[{"href":"http:\/\/bilder.ngn.nu\/index.php\/wp-json\/wp\/v2\/types\/post"}],"author":[{"embeddable":true,"href":"http:\/\/bilder.ngn.nu\/index.php\/wp-json\/wp\/v2\/users\/1"}],"replies":[{"embeddable":true,"href":"http:\/\/bilder.ngn.nu\/index.php\/wp-json\/wp\/v2\/comments?post=902"}],"version-history":[{"count":0,"href":"http:\/\/bilder.ngn.nu\/index.php\/wp-json\/wp\/v2\/posts\/902\/revisions"}],"wp:attachment":[{"href":"http:\/\/bilder.ngn.nu\/index.php\/wp-json\/wp\/v2\/media?parent=902"}],"wp:term":[{"taxonomy":"category","embeddable":true,"href":"http:\/\/bilder.ngn.nu\/index.php\/wp-json\/wp\/v2\/categories?post=902"},{"taxonomy":"post_tag","embeddable":true,"href":"http:\/\/bilder.ngn.nu\/index.php\/wp-json\/wp\/v2\/tags?post=902"}],"curies":[{"name":"wp","href":"https:\/\/api.w.org\/{rel}","templated":true}]}}