{"id":925,"date":"2010-07-20T09:29:55","date_gmt":"2010-07-20T07:29:55","guid":{"rendered":"http:\/\/bilder.ngn.nu\/?p=925"},"modified":"2010-07-20T19:48:52","modified_gmt":"2010-07-20T17:48:52","slug":"broms-2","status":"publish","type":"post","link":"http:\/\/bilder.ngn.nu\/index.php\/2010\/07\/20\/broms-2\/","title":{"rendered":"Broms"},"content":{"rendered":"<table style=\"width: 800px;\" border=\"0\">\n<tbody>\n<tr>\n<td>\n<div id=\"ngn_bild_rubrik\"><strong>Broms<\/strong> (<span style=\"font-style: italic;\">Tabanus sudeticus<\/span>)<a name=\"Rubrik\"><\/a>\n<\/div>\n<\/td>\n<\/tr>\n<tr>\n<td>\n<div id=\"ngn_bild_text\"><span style=\"font-weight: bold;\">Storlek<\/span><span style=\"font-weight: bold;\">:<\/span> 20-27 mm\n<\/div>\n<\/td>\n<\/tr>\n<tr>\n<td>\n<div id=\"ngn_bild_text_above\">Satte sig framf\u00f6r mig p\u00e5 grusv\u00e4gen och verkade leta efter n\u00e5got.\n<\/div>\n<\/td>\n<\/tr>\n<tr>\n<td align=\"center\"><img style=\"width: 800px; height: 533px;\" title=\"Broms (Tabanus sudeticus)\" src=\"http:\/\/ngn.nu\/Pict\/2010\/100720-DSC01137+1138-Broms-Kompr70-w800.jpg\" alt=\"[Bild: Broms (Tabanus sudeticus)]\" \/><\/td>\n<\/tr>\n<tr>\n<td>\n<div id=\"EXIF\"><small><em>Stora bilden:<br \/>\n<\/em><\/small><small><em>100720<\/em><\/small><small><em> Klockan: 09:29 Br\u00e4nnvidd: 300<\/em><\/small><small><em> [450] ISO: 400 Slutare: 1\/250 Bl\u00e4ndare: F11.0<\/em><\/small><small><em><br \/>\nKamera: <\/em><\/small><small><em>SONY DSLR-A230 Objektiv: SIGMA 70-300 [105-450] \/ 4-5.6<br \/>\n<\/em><\/small><small><em>Inf\u00e4llda bilden:<br \/>\n100720<\/em><\/small><small><em> Klockan: 09:30 Br\u00e4nnvidd: 300<\/em><\/small><small><em> [450] ISO: 400 Slutare: 1\/500 Bl\u00e4ndare: F11.0<\/em><\/small><small><em><br \/>\nKamera: <\/em><\/small><small><em>SONY DSLR-A230 Objektiv: SIGMA 70-300 [105-450] \/ 4-5.6<\/em><\/small><\/div>\n<\/td>\n<\/tr>\n<tr>\n<td><\/td>\n<\/tr>\n<\/tbody>\n<\/table>\n","protected":false},"excerpt":{"rendered":"<p>Broms (Tabanus sudeticus) Storlek: 20-27 mm Satte sig framf\u00f6r mig p\u00e5 grusv\u00e4gen och verkade leta efter n\u00e5got. Stora bilden: 100720 Klockan: 09:29 Br\u00e4nnvidd: 300 [450] ISO: 400 Slutare: 1\/250 Bl\u00e4ndare: F11.0 Kamera: SONY DSLR-A230 Objektiv: SIGMA 70-300 [105-450] \/ 4-5.6 Inf\u00e4llda bilden: 100720 Klockan: 09:30 Br\u00e4nnvidd: 300 [450] ISO: 400 Slutare: 1\/500 Bl\u00e4ndare: F11.0 Kamera: [&hellip;]<\/p>\n","protected":false},"author":1,"featured_media":0,"comment_status":"open","ping_status":"closed","sticky":false,"template":"","format":"standard","meta":[],"categories":[715],"tags":[69],"_links":{"self":[{"href":"http:\/\/bilder.ngn.nu\/index.php\/wp-json\/wp\/v2\/posts\/925"}],"collection":[{"href":"http:\/\/bilder.ngn.nu\/index.php\/wp-json\/wp\/v2\/posts"}],"about":[{"href":"http:\/\/bilder.ngn.nu\/index.php\/wp-json\/wp\/v2\/types\/post"}],"author":[{"embeddable":true,"href":"http:\/\/bilder.ngn.nu\/index.php\/wp-json\/wp\/v2\/users\/1"}],"replies":[{"embeddable":true,"href":"http:\/\/bilder.ngn.nu\/index.php\/wp-json\/wp\/v2\/comments?post=925"}],"version-history":[{"count":0,"href":"http:\/\/bilder.ngn.nu\/index.php\/wp-json\/wp\/v2\/posts\/925\/revisions"}],"wp:attachment":[{"href":"http:\/\/bilder.ngn.nu\/index.php\/wp-json\/wp\/v2\/media?parent=925"}],"wp:term":[{"taxonomy":"category","embeddable":true,"href":"http:\/\/bilder.ngn.nu\/index.php\/wp-json\/wp\/v2\/categories?post=925"},{"taxonomy":"post_tag","embeddable":true,"href":"http:\/\/bilder.ngn.nu\/index.php\/wp-json\/wp\/v2\/tags?post=925"}],"curies":[{"name":"wp","href":"https:\/\/api.w.org\/{rel}","templated":true}]}}