{"id":932,"date":"2010-08-29T09:44:20","date_gmt":"2010-08-29T07:44:20","guid":{"rendered":"http:\/\/bilder.ngn.nu\/?p=932"},"modified":"2010-08-29T20:17:20","modified_gmt":"2010-08-29T18:17:20","slug":"flugor-12","status":"publish","type":"post","link":"http:\/\/bilder.ngn.nu\/index.php\/2010\/08\/29\/flugor-12\/","title":{"rendered":"Flugor"},"content":{"rendered":"<table style=\"width: 800px;\" border=\"0\">\n<tbody>\n<tr>\n<td>\n<div id=\"ngn_bild_rubrik\"><strong>Parasitfluga<\/strong> (<span style=\"font-style: italic;\">Phryxe vulgaris<\/span>) och <strong>Allm\u00e4n k\u00f6ttfluga<\/strong> (<span style=\"font-style: italic;\">Sarcophaga carnaria<\/span>)<a name=\"Rubrik\"><\/a>\n<\/div>\n<\/td>\n<\/tr>\n<tr>\n<td>\n<div id=\"ngn_bild_text\"><span style=\"font-weight: bold;\">Storlek<\/span><span style=\"font-weight: bold;\">:<\/span> Parasitflugan: ca 9mm och Allm\u00e4nna k\u00f6ttflugan: ca 16mm\n<\/div>\n<\/td>\n<\/tr>\n<tr>\n<td>\n<div id=\"ngn_bild_text_above\">N\u00e4r jag h\u00f6ll p\u00e5 att fotografera flugorna trodde jag det var samma fluga. Det var n\u00e4r jag kom hem och detaljgranskade bilderna som jag fick se att det var tv\u00e5 olika flugor.\n<\/div>\n<\/td>\n<\/tr>\n<tr>\n<td align=\"center\"><img style=\"width: 800px; height: 538px;\" title=\"Parasitfluga (Phryxe vulgaris) och Allm\u00e4n k\u00f6ttfluga (Sarcophaga carnaria\" src=\"http:\/\/ngn.nu\/Pict\/2010\/100829-DSC01240+1260-Flugor-Kompr80-w800.JPG\" alt=\"[Bild: Parasitfluga (Phryxe vulgaris) och Allm\u00e4n k\u00f6ttfluga (Sarcophaga carnaria]\" \/><\/td>\n<\/tr>\n<tr>\n<td>\n<div id=\"EXIF\">\n<div id=\"EXIF\"><small><em>Stora bilden (Parasitfluga):<br \/>\n100829<\/em><\/small><small><em> Klockan: 09:44 Br\u00e4nnvidd: 300<\/em><\/small><small><em> [450] ISO: 400 Slutare: 1\/500 Bl\u00e4ndare: F11.0<\/em><\/small><small><em><br \/>\nKamera: <\/em><\/small><small><em>SONY DSLR-A230 Objektiv: SIGMA 70-300 [105-450] \/ 4-5.6<\/em><\/small><small><em><br \/>\n<\/em><\/small><small><em>Inf\u00e4llda bilden (Allm\u00e4n k\u00f6ttfluga):<br \/>\n100804<\/em><\/small><small><em> Klockan: 09:45 Br\u00e4nnvidd: 300<\/em><\/small><small><em> [450] ISO: 400 Slutare: 1\/250 Bl\u00e4ndare: F11.0<\/em><\/small><small><em><br \/>\nKamera: <\/em><\/small><small><em>SONY DSLR-A230 Objektiv: SIGMA 70-300 [105-450] \/ 4-5.6<\/em><\/small><small><em><\/em><\/small><br \/>\n<small><em><\/em><\/small><small><em><\/em><\/small><small><em><\/em><\/small><\/div>\n<p><small><em><\/em><\/small><\/div>\n<\/td>\n<\/tr>\n<tr>\n<td><\/td>\n<\/tr>\n<\/tbody>\n<\/table>\n","protected":false},"excerpt":{"rendered":"<p>Parasitfluga (Phryxe vulgaris) och Allm\u00e4n k\u00f6ttfluga (Sarcophaga carnaria) Storlek: Parasitflugan: ca 9mm och Allm\u00e4nna k\u00f6ttflugan: ca 16mm N\u00e4r jag h\u00f6ll p\u00e5 att fotografera flugorna trodde jag det var samma fluga. Det var n\u00e4r jag kom hem och detaljgranskade bilderna som jag fick se att det var tv\u00e5 olika flugor. Stora bilden (Parasitfluga): 100829 Klockan: 09:44 [&hellip;]<\/p>\n","protected":false},"author":1,"featured_media":0,"comment_status":"open","ping_status":"closed","sticky":false,"template":"","format":"standard","meta":[],"categories":[237,721],"tags":[69],"_links":{"self":[{"href":"http:\/\/bilder.ngn.nu\/index.php\/wp-json\/wp\/v2\/posts\/932"}],"collection":[{"href":"http:\/\/bilder.ngn.nu\/index.php\/wp-json\/wp\/v2\/posts"}],"about":[{"href":"http:\/\/bilder.ngn.nu\/index.php\/wp-json\/wp\/v2\/types\/post"}],"author":[{"embeddable":true,"href":"http:\/\/bilder.ngn.nu\/index.php\/wp-json\/wp\/v2\/users\/1"}],"replies":[{"embeddable":true,"href":"http:\/\/bilder.ngn.nu\/index.php\/wp-json\/wp\/v2\/comments?post=932"}],"version-history":[{"count":0,"href":"http:\/\/bilder.ngn.nu\/index.php\/wp-json\/wp\/v2\/posts\/932\/revisions"}],"wp:attachment":[{"href":"http:\/\/bilder.ngn.nu\/index.php\/wp-json\/wp\/v2\/media?parent=932"}],"wp:term":[{"taxonomy":"category","embeddable":true,"href":"http:\/\/bilder.ngn.nu\/index.php\/wp-json\/wp\/v2\/categories?post=932"},{"taxonomy":"post_tag","embeddable":true,"href":"http:\/\/bilder.ngn.nu\/index.php\/wp-json\/wp\/v2\/tags?post=932"}],"curies":[{"name":"wp","href":"https:\/\/api.w.org\/{rel}","templated":true}]}}