{"id":935,"date":"2010-08-29T10:15:12","date_gmt":"2010-08-29T08:15:12","guid":{"rendered":"http:\/\/bilder.ngn.nu\/?p=935"},"modified":"2010-08-29T20:26:44","modified_gmt":"2010-08-29T18:26:44","slug":"skogsodla-12","status":"publish","type":"post","link":"http:\/\/bilder.ngn.nu\/index.php\/2010\/08\/29\/skogsodla-12\/","title":{"rendered":"Skogs\u00f6dla"},"content":{"rendered":"<table style=\"width: 800px;\" border=\"0\">\n<tbody>\n<tr>\n<td>\n<div id=\"ngn_bild_rubrik\"><strong>Skogs\u00f6dla<\/strong> (<span style=\"font-style: italic;\">Zootoca vivipara<\/span>)<a name=\"Rubrik\"><\/a>\n<\/div>\n<\/td>\n<\/tr>\n<tr>\n<td>\n<div id=\"ngn_bild_text\"><span style=\"font-weight: bold;\">Storlek<\/span><span style=\"font-weight: bold;\">:<\/span> max ca 15cm\n<\/div>\n<\/td>\n<\/tr>\n<tr>\n<td>\n<div id=\"ngn_bild_text_above\">Det h\u00e4r \u00e4r en liten en ca 45mm. Att den \u00e4r ung ser man p\u00e5 att den fortfarande har r\u00e4tt s\u00e5 mycket m\u00f6rkt kvar p\u00e5 svansen och fram till och med bakbenen.\n<\/div>\n<\/td>\n<\/tr>\n<tr>\n<td align=\"center\"><img style=\"width: 800px; height: 521px;\" title=\"Skogs\u00f6dla (Zootoca vivipara)\" src=\"http:\/\/ngn.nu\/Pict\/2010\/100829-DSC01295-Skogsoedla-Kompr70-w800.JPG\" alt=\"[Bild: Skogs\u00f6dla (Zootoca vivipara)]\" \/><\/td>\n<\/tr>\n<tr>\n<td>\n<div id=\"EXIF\">\n<div id=\"EXIF\"><small><em>100829<\/em><\/small><small><em> Klockan: 10:15 Br\u00e4nnvidd: 300<\/em><\/small><small><em> [450] ISO: 400 Slutare: 1\/320 Bl\u00e4ndare: F11.0<\/em><\/small><small><em><br \/>\nKamera: <\/em><\/small><small><em>SONY DSLR-A230 Objektiv: SIGMA 70-300 [105-450] \/ 4-5.6<\/em><\/small><small><em><\/em><\/small><br \/>\n<small><em><\/em><\/small><small><em><\/em><\/small><small><em><\/em><\/small><\/div>\n<p><small><em><\/em><\/small><\/div>\n<\/td>\n<\/tr>\n<tr>\n<td><\/td>\n<\/tr>\n<\/tbody>\n<\/table>\n","protected":false},"excerpt":{"rendered":"<p>Skogs\u00f6dla (Zootoca vivipara) Storlek: max ca 15cm Det h\u00e4r \u00e4r en liten en ca 45mm. Att den \u00e4r ung ser man p\u00e5 att den fortfarande har r\u00e4tt s\u00e5 mycket m\u00f6rkt kvar p\u00e5 svansen och fram till och med bakbenen. 100829 Klockan: 10:15 Br\u00e4nnvidd: 300 [450] ISO: 400 Slutare: 1\/320 Bl\u00e4ndare: F11.0 Kamera: SONY DSLR-A230 Objektiv: [&hellip;]<\/p>\n","protected":false},"author":1,"featured_media":0,"comment_status":"open","ping_status":"closed","sticky":false,"template":"","format":"standard","meta":[],"categories":[68],"tags":[69],"_links":{"self":[{"href":"http:\/\/bilder.ngn.nu\/index.php\/wp-json\/wp\/v2\/posts\/935"}],"collection":[{"href":"http:\/\/bilder.ngn.nu\/index.php\/wp-json\/wp\/v2\/posts"}],"about":[{"href":"http:\/\/bilder.ngn.nu\/index.php\/wp-json\/wp\/v2\/types\/post"}],"author":[{"embeddable":true,"href":"http:\/\/bilder.ngn.nu\/index.php\/wp-json\/wp\/v2\/users\/1"}],"replies":[{"embeddable":true,"href":"http:\/\/bilder.ngn.nu\/index.php\/wp-json\/wp\/v2\/comments?post=935"}],"version-history":[{"count":0,"href":"http:\/\/bilder.ngn.nu\/index.php\/wp-json\/wp\/v2\/posts\/935\/revisions"}],"wp:attachment":[{"href":"http:\/\/bilder.ngn.nu\/index.php\/wp-json\/wp\/v2\/media?parent=935"}],"wp:term":[{"taxonomy":"category","embeddable":true,"href":"http:\/\/bilder.ngn.nu\/index.php\/wp-json\/wp\/v2\/categories?post=935"},{"taxonomy":"post_tag","embeddable":true,"href":"http:\/\/bilder.ngn.nu\/index.php\/wp-json\/wp\/v2\/tags?post=935"}],"curies":[{"name":"wp","href":"https:\/\/api.w.org\/{rel}","templated":true}]}}