{"id":241,"date":"2008-07-05T13:39:22","date_gmt":"2008-07-05T11:39:22","guid":{"rendered":"http:\/\/bilder.ngn.nu\/?p=241"},"modified":"2009-06-08T19:51:26","modified_gmt":"2009-06-08T17:51:26","slug":"rakor","status":"publish","type":"post","link":"https:\/\/bilder.ngn.nu\/index.php\/2008\/07\/05\/rakor\/","title":{"rendered":"R\u00e4kor"},"content":{"rendered":"<table style=\"width: 800px;\" border=\"0\">\n<tbody>\n<tr>\n<td>\n<div id=\"ngn_bild_rubrik\"><span style=\"font-weight: bold; font-family: Helvetica,Arial,sans-serif;\">T\u00e5ngr\u00e4kor<\/span><span style=\"font-family: Helvetica,Arial,sans-serif;\"><span style=\"font-family: Times New Roman,Times,serif;\"> (<span style=\"font-style: italic;\">Palaemon squilla<\/span>)<\/span><\/span><\/div>\n<\/td>\n<\/tr>\n<tr>\n<td>\n<div id=\"ngn_bild_text_above\">De h\u00e4r tv\u00e5 s\u00e5g ut som om de bad om &#8221;ta en bild p\u00e5 oss!&#8221;.<\/div>\n<\/td>\n<\/tr>\n<tr>\n<td align=\"center\"><img style=\"width: 800px; height: 536px;\" title=\"T\u00e5ngr\u00e4kor (Palaemon squilla)\" src=\"http:\/\/ngn.nu\/Bilder3\/080705_DSC01161_Tangraekor_Kopmr94_w800.JPG\" alt=\"T\u00e5ngr\u00e4kor (Palaemon squilla)\" \/><\/td>\n<\/tr>\n<tr>\n<td style=\"font-style: italic; font-size: 80%;\" align=\"left\">\n<div id=\"EXIF\">080705 Klockan: 13:12 Br\u00e4nnvidd: 105.0 mm [157 mm] ISO: 100 Slutare: 1\/160 Bl\u00e4ndare: F4.0<br \/>\nKamera: SONY DSLR-A100 Objektiv: Sigma 105 [35mm: 157] makro<\/div>\n<\/td>\n<\/tr>\n<tr>\n<td align=\"left\">\n<div id=\"ngn_bild_text\">N\u00e4r jag fotograferar med macroobjektivet blir det ofta i ganska s\u00e5 knepiga st\u00e4llningar. Min kropp \u00e4r ju inte s\u00e5 smidig. Att sitta ned med rumpan p\u00e5 en sten en fot p\u00e5 en annan och den andra foten n\u00e5gon annan stans. Och sedan b\u00f6ja sig fram\u00e5t s\u00e5 det man vill fotografera kommer s\u00e5 n\u00e4ra kameran som m\u00f6jligt, kan bli ganska s\u00e5 anstr\u00e4ngande.<br \/>\nAn s\u00e5 l\u00e4nge har jag kameran p\u00e5 automatik. Jag har inte b\u00f6rjat experimentera med att \u00f6ka bl\u00e4ndartalet f\u00f6r att f\u00e5 st\u00f6rre sk\u00e4rpedjup.<br \/>\nDet h\u00e4r objektivet kan jag pressa upp till bl\u00e4ndare F45, men d\u00e5 misst\u00e4nker jag att jag beh\u00f6ver mer ljus an vad vanligt dagsljus kan ge,<br \/>\nTid kommer nog till detta exeprimenterande.<\/div>\n<\/td>\n<\/tr>\n<\/tbody>\n<\/table>\n","protected":false},"excerpt":{"rendered":"<p>T\u00e5ngr\u00e4kor (Palaemon squilla) De h\u00e4r tv\u00e5 s\u00e5g ut som om de bad om &#8221;ta en bild p\u00e5 oss!&#8221;. 080705 Klockan: 13:12 Br\u00e4nnvidd: 105.0 mm [157 mm] ISO: 100 Slutare: 1\/160 Bl\u00e4ndare: F4.0 Kamera: SONY DSLR-A100 Objektiv: Sigma 105 [35mm: 157] makro N\u00e4r jag fotograferar med macroobjektivet blir det ofta i ganska s\u00e5 knepiga st\u00e4llningar. Min [&hellip;]<\/p>\n","protected":false},"author":1,"featured_media":0,"comment_status":"open","ping_status":"open","sticky":false,"template":"","format":"standard","meta":[],"categories":[293],"tags":[287],"_links":{"self":[{"href":"https:\/\/bilder.ngn.nu\/index.php\/wp-json\/wp\/v2\/posts\/241"}],"collection":[{"href":"https:\/\/bilder.ngn.nu\/index.php\/wp-json\/wp\/v2\/posts"}],"about":[{"href":"https:\/\/bilder.ngn.nu\/index.php\/wp-json\/wp\/v2\/types\/post"}],"author":[{"embeddable":true,"href":"https:\/\/bilder.ngn.nu\/index.php\/wp-json\/wp\/v2\/users\/1"}],"replies":[{"embeddable":true,"href":"https:\/\/bilder.ngn.nu\/index.php\/wp-json\/wp\/v2\/comments?post=241"}],"version-history":[{"count":0,"href":"https:\/\/bilder.ngn.nu\/index.php\/wp-json\/wp\/v2\/posts\/241\/revisions"}],"wp:attachment":[{"href":"https:\/\/bilder.ngn.nu\/index.php\/wp-json\/wp\/v2\/media?parent=241"}],"wp:term":[{"taxonomy":"category","embeddable":true,"href":"https:\/\/bilder.ngn.nu\/index.php\/wp-json\/wp\/v2\/categories?post=241"},{"taxonomy":"post_tag","embeddable":true,"href":"https:\/\/bilder.ngn.nu\/index.php\/wp-json\/wp\/v2\/tags?post=241"}],"curies":[{"name":"wp","href":"https:\/\/api.w.org\/{rel}","templated":true}]}}