{"id":432,"date":"2008-10-18T17:12:42","date_gmt":"2008-10-18T15:12:42","guid":{"rendered":"http:\/\/bilder.ngn.nu\/?p=432"},"modified":"2008-10-22T17:16:30","modified_gmt":"2008-10-22T15:16:30","slug":"spindlar-5","status":"publish","type":"post","link":"https:\/\/bilder.ngn.nu\/index.php\/2008\/10\/18\/spindlar-5\/","title":{"rendered":"Spindlar"},"content":{"rendered":"<table style=\"width: 800px;\" border=\"0\">\n<tbody>\n<tr>\n<td>\n<div id=\"ngn_bild_rubrik\"><span style=\"font-weight: bold; font-family: Helvetica,Arial,sans-serif;\">Klotspindel <\/span><span style=\"font-family: Times New Roman,Times,serif;\">(<span style=\"font-style: italic;\">Steatoda bipunctata<\/span>), tror jag<\/span><span style=\"font-family: Times New Roman,Times,serif;\"> <\/span><\/div>\n<\/td>\n<\/tr>\n<tr>\n<td>\n<div id=\"ngn_bild_text_above\">Storlek: ca 3mm\n<\/div>\n<\/td>\n<\/tr>\n<tr>\n<td style=\"text-align: left;\"><img style=\"width: 800px; height: 590px;\" title=\"Klotspindel (Steatoda bipunctata), tror jag\" src=\"http:\/\/ngn.nu\/Bilder4\/081018_DSC04930_Spindel_Kompr94_w800.JPG\" alt=\"[Bild: Klotspindel (Steatoda bipunctata), tror jag]\" \/><\/td>\n<\/tr>\n<tr>\n<td style=\"font-style: italic; font-size: 80%;\" align=\"left\">\n<div id=\"EXIF\">081018 Klockan: 14:10 Br\u00e4nnvidd: 105.0 mm [157 mm] ISO: 100 Slutare: 1\/320 Bl\u00e4ndare: F7.1<br \/>\nKamera: SONY DSLR-A100 Objektiv: Sigma 105 [35mm: 157] makro<\/div>\n<\/td>\n<\/tr>\n<tr>\n<td>\n<div id=\"ngn_bild_text\">N\u00e5got oskarp s\u00e5 jag anv\u00e4nde filtret: Oskarp mask.\n<\/div>\n<\/td>\n<\/tr>\n<tr>\n<td>\n<div id=\"ngn_bild_rubrik\"><span style=\"font-weight: bold; font-family: Helvetica,Arial,sans-serif;\">Lundlocke <\/span><span style=\"font-family: Times New Roman,Times,serif;\">(<span style=\"font-style: italic;\">Lacinius ephippiatus<\/span>)<\/span><span style=\"font-family: Times New Roman,Times,serif;\"> <\/span><\/div>\n<\/td>\n<\/tr>\n<tr>\n<td>\n<div id=\"ngn_bild_text_above\">Storlek: 4-6mm\n<\/div>\n<\/td>\n<\/tr>\n<tr>\n<td><img style=\"width: 800px; height: 536px;\" title=\"Lundlocke (Lacinius ephippiatus)\" src=\"http:\/\/ngn.nu\/Bilder4\/081018_DSC04967_Spindel_Kompr94_w800.JPG\" alt=\"[Bild: Lundlocke (Lacinius ephippiatus)]\" \/><\/td>\n<\/tr>\n<tr style=\"font-style: italic;\">\n<td>\n<div id=\"EXIF\"><small>081018 Klockan: 14:21 Br\u00e4nnvidd: 105.0 mm [157 mm] ISO: 100 Slutare: 1\/160 Bl\u00e4ndare: F6.3<br \/>\nKamera: SONY DSLR-A100 Objektiv: Sigma 105 [35mm: 157] makro<\/small><\/div>\n<\/td>\n<\/tr>\n<tr>\n<td>\n<div id=\"ngn_bild_text\">\n<\/div>\n<\/td>\n<\/tr>\n<\/tbody>\n<\/table>\n","protected":false},"excerpt":{"rendered":"<p>Klotspindel (Steatoda bipunctata), tror jag Storlek: ca 3mm 081018 Klockan: 14:10 Br\u00e4nnvidd: 105.0 mm [157 mm] ISO: 100 Slutare: 1\/320 Bl\u00e4ndare: F7.1 Kamera: SONY DSLR-A100 Objektiv: Sigma 105 [35mm: 157] makro N\u00e5got oskarp s\u00e5 jag anv\u00e4nde filtret: Oskarp mask. Lundlocke (Lacinius ephippiatus) Storlek: 4-6mm 081018 Klockan: 14:21 Br\u00e4nnvidd: 105.0 mm [157 mm] ISO: 100 Slutare: [&hellip;]<\/p>\n","protected":false},"author":1,"featured_media":0,"comment_status":"open","ping_status":"open","sticky":false,"template":"","format":"standard","meta":[],"categories":[479,356],"tags":[358,478],"_links":{"self":[{"href":"https:\/\/bilder.ngn.nu\/index.php\/wp-json\/wp\/v2\/posts\/432"}],"collection":[{"href":"https:\/\/bilder.ngn.nu\/index.php\/wp-json\/wp\/v2\/posts"}],"about":[{"href":"https:\/\/bilder.ngn.nu\/index.php\/wp-json\/wp\/v2\/types\/post"}],"author":[{"embeddable":true,"href":"https:\/\/bilder.ngn.nu\/index.php\/wp-json\/wp\/v2\/users\/1"}],"replies":[{"embeddable":true,"href":"https:\/\/bilder.ngn.nu\/index.php\/wp-json\/wp\/v2\/comments?post=432"}],"version-history":[{"count":0,"href":"https:\/\/bilder.ngn.nu\/index.php\/wp-json\/wp\/v2\/posts\/432\/revisions"}],"wp:attachment":[{"href":"https:\/\/bilder.ngn.nu\/index.php\/wp-json\/wp\/v2\/media?parent=432"}],"wp:term":[{"taxonomy":"category","embeddable":true,"href":"https:\/\/bilder.ngn.nu\/index.php\/wp-json\/wp\/v2\/categories?post=432"},{"taxonomy":"post_tag","embeddable":true,"href":"https:\/\/bilder.ngn.nu\/index.php\/wp-json\/wp\/v2\/tags?post=432"}],"curies":[{"name":"wp","href":"https:\/\/api.w.org\/{rel}","templated":true}]}}