{"id":477,"date":"2009-04-16T22:12:05","date_gmt":"2009-04-16T20:12:05","guid":{"rendered":"http:\/\/bilder.ngn.nu\/?p=477"},"modified":"2009-04-17T00:15:30","modified_gmt":"2009-04-16T22:15:30","slug":"mindre-vattensalamander","status":"publish","type":"post","link":"https:\/\/bilder.ngn.nu\/index.php\/2009\/04\/16\/mindre-vattensalamander\/","title":{"rendered":"Mindre vattensalamander"},"content":{"rendered":"<table style=\"width: 800px;\" border=\"0\">\n<tbody>\n<tr>\n<td>\n<div id=\"ngn_bild_rubrik\"><strong>Mindre vattensalamander<\/strong> (<em>Triturus vulgaris<\/em>), hona<\/div>\n<\/td>\n<\/tr>\n<tr>\n<td>\n<div id=\"ngn_bild_text_above\">Egentligen var jag ju ute efter den st\u00f6rre vattensalamandern (<em>Triturus cristatus<\/em>).<br \/>\nMen nu var det ju f\u00f6rsta g\u00e5ngen sedan barnsben s\u00e5 jag \u00e4r n\u00f6jd med att ha f\u00e5tt f\u00e5nga en vattensalamander \u00f6ver huvudet taget.<br \/>\nOch dessutom f\u00e5 en hyfsad bild p\u00e5 den.<br \/>\nFick inte riktig ordning p\u00e5 polariseringsfiltret s\u00e5 alla reflexer \u00e4r inte borta.\n<\/div>\n<\/td>\n<\/tr>\n<tr>\n<td><img loading=\"lazy\" title=\"Mindre vattensalamander (Triturus vulgaris), hona\" src=\"http:\/\/ngn.nu\/Bilder4\/090416_DSC06178_LitenVattensalamander_Kompr70_w800.JPG\" alt=\"[Bild: Mindre vattensalamander (Triturus vulgaris), hona]\" width=\"800\" height=\"577\" \/><\/td>\n<\/tr>\n<tr>\n<td>\n<div id=\"EXIF\"><small><em>090416 Klockan: 11:13 Br\u00e4nnvidd: 300.0 mm [450 mm] ISO: 400 Slutare: 1\/160 Bl\u00e4ndare: F5.6<br \/>\nKamera: SONY DSLR-A100 Objektiv: 75-300 [35mm: 112,5-450]<\/em><\/small><\/div>\n<\/td>\n<\/tr>\n<tr>\n<td>\n<div id=\"ngn_bild_text\">Jag har med mig ett mini f\u00e4ltakvarium n\u00e4r jag ger mig ut i Onsj\u00f6k\u00e4rret.<br \/>\nOm jag inte har det s\u00e5 vore det extremt sv\u00e5rt att f\u00e5 bar bilder p\u00e5 vattendjur. Och flytta p\u00e5 dem f\u00e5r vi ju inte. De \u00e4r ju fridlysta. Alla Grod- och Kr\u00e4ldjur, i Sverige, \u00e4r numer fridlysta.\n<\/div>\n<\/td>\n<\/tr>\n<\/tbody>\n<\/table>\n","protected":false},"excerpt":{"rendered":"<p>Mindre vattensalamander (Triturus vulgaris), hona Egentligen var jag ju ute efter den st\u00f6rre vattensalamandern (Triturus cristatus). Men nu var det ju f\u00f6rsta g\u00e5ngen sedan barnsben s\u00e5 jag \u00e4r n\u00f6jd med att ha f\u00e5tt f\u00e5nga en vattensalamander \u00f6ver huvudet taget. Och dessutom f\u00e5 en hyfsad bild p\u00e5 den. Fick inte riktig ordning p\u00e5 polariseringsfiltret s\u00e5 alla [&hellip;]<\/p>\n","protected":false},"author":1,"featured_media":0,"comment_status":"open","ping_status":"open","sticky":false,"template":"","format":"standard","meta":[],"categories":[508],"tags":[69],"_links":{"self":[{"href":"https:\/\/bilder.ngn.nu\/index.php\/wp-json\/wp\/v2\/posts\/477"}],"collection":[{"href":"https:\/\/bilder.ngn.nu\/index.php\/wp-json\/wp\/v2\/posts"}],"about":[{"href":"https:\/\/bilder.ngn.nu\/index.php\/wp-json\/wp\/v2\/types\/post"}],"author":[{"embeddable":true,"href":"https:\/\/bilder.ngn.nu\/index.php\/wp-json\/wp\/v2\/users\/1"}],"replies":[{"embeddable":true,"href":"https:\/\/bilder.ngn.nu\/index.php\/wp-json\/wp\/v2\/comments?post=477"}],"version-history":[{"count":0,"href":"https:\/\/bilder.ngn.nu\/index.php\/wp-json\/wp\/v2\/posts\/477\/revisions"}],"wp:attachment":[{"href":"https:\/\/bilder.ngn.nu\/index.php\/wp-json\/wp\/v2\/media?parent=477"}],"wp:term":[{"taxonomy":"category","embeddable":true,"href":"https:\/\/bilder.ngn.nu\/index.php\/wp-json\/wp\/v2\/categories?post=477"},{"taxonomy":"post_tag","embeddable":true,"href":"https:\/\/bilder.ngn.nu\/index.php\/wp-json\/wp\/v2\/tags?post=477"}],"curies":[{"name":"wp","href":"https:\/\/api.w.org\/{rel}","templated":true}]}}