{"id":494,"date":"2009-04-29T17:17:27","date_gmt":"2009-04-29T15:17:27","guid":{"rendered":"http:\/\/bilder.ngn.nu\/?p=494"},"modified":"2009-04-29T17:18:01","modified_gmt":"2009-04-29T15:18:01","slug":"skogsodlor-7","status":"publish","type":"post","link":"https:\/\/bilder.ngn.nu\/index.php\/2009\/04\/29\/skogsodlor-7\/","title":{"rendered":"Skogs\u00f6dlor"},"content":{"rendered":"<table style=\"width: 800px;\" border=\"0\">\n<tbody>\n<tr>\n<td>\n<div id=\"ngn_bild_rubrik\"><strong>Skogs\u00f6dla<\/strong> (<em>Lacerta vivipara<\/em>)<\/div>\n<\/td>\n<\/tr>\n<tr>\n<td>\n<div id=\"ngn_bild_text_above\">Tv\u00e5 sm\u00e5 undomar. Den v\u00e4nstra ca tv\u00e5 \u00e5r gammal. Den h\u00f6gra kanske n\u00e5got \u00e5r \u00e4ldre.<\/div>\n<\/td>\n<\/tr>\n<tr>\n<td><img loading=\"lazy\" title=\"Skogs\u00f6dla (Lacerta vivipara)\" src=\"http:\/\/ngn.nu\/Bilder4\/090429_DSC07448_Skogsoedla_Kompr80_w800.JPG\" alt=\"[Bild: Skogs\u00f6dla (Lacerta vivipara)]\" width=\"800\" height=\"558\" \/><\/td>\n<\/tr>\n<tr>\n<td>\n<div id=\"EXIF\"><small><em>090429 Klockan: 09:18 Br\u00e4nnvidd: 300.0 mm [450 mm] ISO: 100 Slutare: 1\/320 Bl\u00e4ndare: F5.6<br \/>\nKamera: SONY DSLR-A100 Objektiv: 75-300 [35mm: 112,5-450]<\/em><\/small><\/div>\n<\/td>\n<\/tr>\n<tr>\n<td>\n<div id=\"ngn_bild_text\"><\/div>\n<\/td>\n<\/tr>\n<tr>\n<td>\n<div id=\"ngn_bild_rubrik\"><strong>Skogs\u00f6dla<\/strong> (<em>Lacerta vivipara<\/em>)<\/div>\n<\/td>\n<\/tr>\n<tr>\n<td>\n<div id=\"ngn_bild_text_above\">Den lite \u00e4ldre av de tv\u00e5 fr\u00e5n bilden ovan.<\/div>\n<\/td>\n<\/tr>\n<tr>\n<td><img loading=\"lazy\" title=\"Skogs\u00f6dla (Lacerta vivipara)\" src=\"http:\/\/ngn.nu\/Bilder4\/090429_DSC07458_Skogsoedla_Kompr80_w800.JPG\" alt=\"[Bild: Skogs\u00f6dla (Lacerta vivipara)]\" width=\"800\" height=\"549\" \/><\/td>\n<\/tr>\n<tr>\n<td>\n<div id=\"EXIF\"><small><em>090429 Klockan: 09:26 Br\u00e4nnvidd: 300.0 mm [450 mm] ISO: 100 Slutare: 1\/320 Bl\u00e4ndare: F5.6<br \/>\nKamera: SONY DSLR-A100 Objektiv: 75-300 [35mm: 112,5-450]<\/em><\/small><\/div>\n<\/td>\n<\/tr>\n<tr>\n<td>\n<div id=\"ngn_bild_text\">Po\u00e4ng till den som vet hur jag vet Skogs\u00f6dlornas eventuella \u00e5lder.<\/div>\n<\/td>\n<\/tr>\n<\/tbody>\n<\/table>\n","protected":false},"excerpt":{"rendered":"<p>Skogs\u00f6dla (Lacerta vivipara) Tv\u00e5 sm\u00e5 undomar. Den v\u00e4nstra ca tv\u00e5 \u00e5r gammal. Den h\u00f6gra kanske n\u00e5got \u00e5r \u00e4ldre. 090429 Klockan: 09:18 Br\u00e4nnvidd: 300.0 mm [450 mm] ISO: 100 Slutare: 1\/320 Bl\u00e4ndare: F5.6 Kamera: SONY DSLR-A100 Objektiv: 75-300 [35mm: 112,5-450] Skogs\u00f6dla (Lacerta vivipara) Den lite \u00e4ldre av de tv\u00e5 fr\u00e5n bilden ovan. 090429 Klockan: 09:26 Br\u00e4nnvidd: [&hellip;]<\/p>\n","protected":false},"author":1,"featured_media":0,"comment_status":"open","ping_status":"open","sticky":false,"template":"","format":"standard","meta":[],"categories":[68],"tags":[69,483],"_links":{"self":[{"href":"https:\/\/bilder.ngn.nu\/index.php\/wp-json\/wp\/v2\/posts\/494"}],"collection":[{"href":"https:\/\/bilder.ngn.nu\/index.php\/wp-json\/wp\/v2\/posts"}],"about":[{"href":"https:\/\/bilder.ngn.nu\/index.php\/wp-json\/wp\/v2\/types\/post"}],"author":[{"embeddable":true,"href":"https:\/\/bilder.ngn.nu\/index.php\/wp-json\/wp\/v2\/users\/1"}],"replies":[{"embeddable":true,"href":"https:\/\/bilder.ngn.nu\/index.php\/wp-json\/wp\/v2\/comments?post=494"}],"version-history":[{"count":0,"href":"https:\/\/bilder.ngn.nu\/index.php\/wp-json\/wp\/v2\/posts\/494\/revisions"}],"wp:attachment":[{"href":"https:\/\/bilder.ngn.nu\/index.php\/wp-json\/wp\/v2\/media?parent=494"}],"wp:term":[{"taxonomy":"category","embeddable":true,"href":"https:\/\/bilder.ngn.nu\/index.php\/wp-json\/wp\/v2\/categories?post=494"},{"taxonomy":"post_tag","embeddable":true,"href":"https:\/\/bilder.ngn.nu\/index.php\/wp-json\/wp\/v2\/tags?post=494"}],"curies":[{"name":"wp","href":"https:\/\/api.w.org\/{rel}","templated":true}]}}