{"id":511,"date":"2009-04-23T18:45:59","date_gmt":"2009-04-23T16:45:59","guid":{"rendered":"http:\/\/bilder.ngn.nu\/?p=511"},"modified":"2009-05-07T19:39:37","modified_gmt":"2009-05-07T17:39:37","slug":"vattensalamnder","status":"publish","type":"post","link":"https:\/\/bilder.ngn.nu\/index.php\/2009\/04\/23\/vattensalamnder\/","title":{"rendered":"Vattensalamnder"},"content":{"rendered":"<table style=\"width: 800px;\" border=\"0\">\n<tbody>\n<tr>\n<td>\n<div id=\"ngn_bild_rubrik\"><strong>Mindre vattensalamander<\/strong> (<em>Triturus vulgaris<\/em>), hane<\/div>\n<\/td>\n<\/tr>\n<tr>\n<td>\n<div id=\"ngn_bild_text_above\">Sonen hade hittat den h\u00e4r platsen n\u00e5gra dagar tidigare och nu fick jag ocks\u00e5 se den och kunde ta bilder.\n<\/div>\n<\/td>\n<\/tr>\n<tr>\n<td><img loading=\"lazy\" title=\"Mindre vattensalamander (Triturus vulgaris)\" src=\"http:\/\/ngn.nu\/Bilder4\/090423_DSC07256_Mindre-Vattenoedla-hane_Kompr70_w800.JPG\" alt=\"[Bild: Mindre vattensalamander (Triturus vulgaris)]\" width=\"800\" height=\"505\" \/><\/td>\n<\/tr>\n<tr>\n<td>\n<div id=\"EXIF\"><small><em>090423 Klockan: 16:55 Blixt: Ja Br\u00e4nnvidd: 105.0 mm [157 mm] ISO: 400 Slutare: 1\/125 Bl\u00e4ndare: F5.6<br \/>\nKamera: SONY DSLR-A100 Objektiv: Sigma 105 [35mm: 157] makro<\/em><\/small><\/div>\n<\/td>\n<\/tr>\n<tr>\n<td>\n<div id=\"ngn_bild_text\">Vi missade att g\u00f6ra rent akvarieglaset. Man kan ju inte t\u00e4nka p\u00e5 allt&#8230;<br \/>\nEn Spigg i bakgrunden.\n<\/div>\n<\/td>\n<\/tr>\n<tr>\n<td>\n<div id=\"ngn_bild_rubrik\"><strong>Mindre vattensalamander<\/strong> (<em>Triturus vulgaris<\/em>), hanar<\/div>\n<\/td>\n<\/tr>\n<tr>\n<td>\n<div id=\"ngn_bild_text_above\">Bild som sonen tagit.\n<\/div>\n<\/td>\n<\/tr>\n<tr>\n<td><img loading=\"lazy\" title=\"Mindre vattensalamander (Triturus vulgaris)\" src=\"http:\/\/ngn.nu\/Bilder4\/090423_DSC_0051_Alex-Mindre-Vattensalamander-hannar_Kompr70_w800.JPG\" alt=\"[Bild: Mindre vattensalamander (Triturus vulgaris)]\" width=\"800\" height=\"304\" \/><\/td>\n<\/tr>\n<tr>\n<td>\n<div id=\"EXIF\"><small><em>090423 Klockan: 16:31 Br\u00e4nnvidd: 105.0 mm [157 mm] ISO: 200 Slutare: 1\/125 Bl\u00e4ndare: F5.6<br \/>\nKamera: NIKON D90 Objektiv: ?<\/em><\/small><\/div>\n<\/td>\n<\/tr>\n<tr>\n<td>\n<div id=\"ngn_bild_text\">Som skrivet, glaset kunde varit renare&#8230;\n<\/div>\n<\/td>\n<\/tr>\n<\/tbody>\n<\/table>\n","protected":false},"excerpt":{"rendered":"<p>Mindre vattensalamander (Triturus vulgaris), hane Sonen hade hittat den h\u00e4r platsen n\u00e5gra dagar tidigare och nu fick jag ocks\u00e5 se den och kunde ta bilder. 090423 Klockan: 16:55 Blixt: Ja Br\u00e4nnvidd: 105.0 mm [157 mm] ISO: 400 Slutare: 1\/125 Bl\u00e4ndare: F5.6 Kamera: SONY DSLR-A100 Objektiv: Sigma 105 [35mm: 157] makro Vi missade att g\u00f6ra rent [&hellip;]<\/p>\n","protected":false},"author":1,"featured_media":0,"comment_status":"open","ping_status":"open","sticky":false,"template":"","format":"standard","meta":[],"categories":[508],"tags":[69],"_links":{"self":[{"href":"https:\/\/bilder.ngn.nu\/index.php\/wp-json\/wp\/v2\/posts\/511"}],"collection":[{"href":"https:\/\/bilder.ngn.nu\/index.php\/wp-json\/wp\/v2\/posts"}],"about":[{"href":"https:\/\/bilder.ngn.nu\/index.php\/wp-json\/wp\/v2\/types\/post"}],"author":[{"embeddable":true,"href":"https:\/\/bilder.ngn.nu\/index.php\/wp-json\/wp\/v2\/users\/1"}],"replies":[{"embeddable":true,"href":"https:\/\/bilder.ngn.nu\/index.php\/wp-json\/wp\/v2\/comments?post=511"}],"version-history":[{"count":0,"href":"https:\/\/bilder.ngn.nu\/index.php\/wp-json\/wp\/v2\/posts\/511\/revisions"}],"wp:attachment":[{"href":"https:\/\/bilder.ngn.nu\/index.php\/wp-json\/wp\/v2\/media?parent=511"}],"wp:term":[{"taxonomy":"category","embeddable":true,"href":"https:\/\/bilder.ngn.nu\/index.php\/wp-json\/wp\/v2\/categories?post=511"},{"taxonomy":"post_tag","embeddable":true,"href":"https:\/\/bilder.ngn.nu\/index.php\/wp-json\/wp\/v2\/tags?post=511"}],"curies":[{"name":"wp","href":"https:\/\/api.w.org\/{rel}","templated":true}]}}