{"id":585,"date":"2009-06-04T12:41:22","date_gmt":"2009-06-04T10:41:22","guid":{"rendered":"http:\/\/bilder.ngn.nu\/?p=585"},"modified":"2009-06-04T12:41:22","modified_gmt":"2009-06-04T10:41:22","slug":"blomma-5","status":"publish","type":"post","link":"https:\/\/bilder.ngn.nu\/index.php\/2009\/06\/04\/blomma-5\/","title":{"rendered":"Blomma"},"content":{"rendered":"<table style=\"width: 800px;\" border=\"0\">\n<tbody>\n<tr>\n<td>\n<div id=\"ngn_bild_rubrik\"><strong>\u00c5kerviol<\/strong> (<em>Viola arvensis<\/em>)<\/div>\n<\/td>\n<\/tr>\n<tr>\n<td>\n<div id=\"ngn_bild_text_above\">Enligt min blombok s\u00e5 ska fyra kronblad peka upp\u00e5t och bara ett ned men det g\u00e5r kanske detta ocks\u00e5?<\/div>\n<\/td>\n<\/tr>\n<tr>\n<td><img loading=\"lazy\" title=\"\u00c5kerviol (Viola arvensis)\" src=\"http:\/\/ngn.nu\/Bilder4\/090604_DSC03398+3406_Blomma_Kompr90_w800.JPG\" alt=\"[Bild: \u00c5kerviol (Viola arvensis)]\" width=\"800\" height=\"619\" \/><\/td>\n<\/tr>\n<tr>\n<td>\n<div id=\"EXIF\"><small><em>Stora bilden:<br \/>\n090604 Klockan: 10:59 Br\u00e4nnvidd: 6.3 mm [38] ISO: 100 Slutare: 1\/160 Bl\u00e4ndare: F2.8<br \/>\nKamera: SONY CyberShot DSC-W55 Objektiv: 6,3-18,9 [35mm: 38-114]<br \/>\nInf\u00e4llda bilden:<br \/>\n090604 Klockan: 11:01 Br\u00e4nnvidd: 6.3 mm [38] ISO: 100 Slutare: 1\/200 Bl\u00e4ndare: F2.8<br \/>\nKamera: SONY CyberShot DSC-W55 Objektiv: 6,3-18,9 [35mm: 38-114]<br \/>\n<\/em><\/small><\/div>\n<\/td>\n<\/tr>\n<tr>\n<td>\n<div id=\"ngn_bild_text\">Uppt\u00e4ckte efter lite funderande och studerande att jag har nog aldrig sett vita violer f\u00f6rr? Eller i vart fall inte t\u00e4nkt p\u00e5 det.\n<\/div>\n<\/td>\n<\/tr>\n<\/tbody>\n<\/table>\n","protected":false},"excerpt":{"rendered":"<p>\u00c5kerviol (Viola arvensis) Enligt min blombok s\u00e5 ska fyra kronblad peka upp\u00e5t och bara ett ned men det g\u00e5r kanske detta ocks\u00e5? Stora bilden: 090604 Klockan: 10:59 Br\u00e4nnvidd: 6.3 mm [38] ISO: 100 Slutare: 1\/160 Bl\u00e4ndare: F2.8 Kamera: SONY CyberShot DSC-W55 Objektiv: 6,3-18,9 [35mm: 38-114] Inf\u00e4llda bilden: 090604 Klockan: 11:01 Br\u00e4nnvidd: 6.3 mm [38] ISO: [&hellip;]<\/p>\n","protected":false},"author":1,"featured_media":0,"comment_status":"open","ping_status":"open","sticky":false,"template":"","format":"standard","meta":[],"categories":[560],"tags":[69],"_links":{"self":[{"href":"https:\/\/bilder.ngn.nu\/index.php\/wp-json\/wp\/v2\/posts\/585"}],"collection":[{"href":"https:\/\/bilder.ngn.nu\/index.php\/wp-json\/wp\/v2\/posts"}],"about":[{"href":"https:\/\/bilder.ngn.nu\/index.php\/wp-json\/wp\/v2\/types\/post"}],"author":[{"embeddable":true,"href":"https:\/\/bilder.ngn.nu\/index.php\/wp-json\/wp\/v2\/users\/1"}],"replies":[{"embeddable":true,"href":"https:\/\/bilder.ngn.nu\/index.php\/wp-json\/wp\/v2\/comments?post=585"}],"version-history":[{"count":0,"href":"https:\/\/bilder.ngn.nu\/index.php\/wp-json\/wp\/v2\/posts\/585\/revisions"}],"wp:attachment":[{"href":"https:\/\/bilder.ngn.nu\/index.php\/wp-json\/wp\/v2\/media?parent=585"}],"wp:term":[{"taxonomy":"category","embeddable":true,"href":"https:\/\/bilder.ngn.nu\/index.php\/wp-json\/wp\/v2\/categories?post=585"},{"taxonomy":"post_tag","embeddable":true,"href":"https:\/\/bilder.ngn.nu\/index.php\/wp-json\/wp\/v2\/tags?post=585"}],"curies":[{"name":"wp","href":"https:\/\/api.w.org\/{rel}","templated":true}]}}