{"id":639,"date":"2009-06-22T08:31:38","date_gmt":"2009-06-22T06:31:38","guid":{"rendered":"http:\/\/bilder.ngn.nu\/?p=639"},"modified":"2009-06-28T23:13:19","modified_gmt":"2009-06-28T21:13:19","slug":"spindlar-7","status":"publish","type":"post","link":"https:\/\/bilder.ngn.nu\/index.php\/2009\/06\/22\/spindlar-7\/","title":{"rendered":"Spindlar"},"content":{"rendered":"<table style=\"width: 800px;\" border=\"0\">\n<tbody>\n<tr>\n<td>\n<div id=\"ngn_bild_rubrik\"><strong>\u00c4ngsvargsspindlar<\/strong> (<em>Pardosa amentata<\/em>) eller i vart fall Vargspindel (<em>Lycosidae<\/em>)<\/div>\n<\/td>\n<\/tr>\n<tr>\n<td>\n<div id=\"ngn_bild_text_above\"><a name=\"Spindel1_2\"><\/a><\/div>\n<\/td>\n<\/tr>\n<tr>\n<td align=\"center\"><img loading=\"lazy\" title=\"\u00c4ngsvargsspindlar (Pardosa amentata) eller i vart fall Vargspindel (Lycosidae)\" src=\"http:\/\/ngn.nu\/Bilder4\/090622_DSC00245+00266_Spindlar_Kompr90_w800.JPG\" alt=\"[Bild: \u00c4ngsvargsspindlar (Pardosa amentata) eller i vart fall Vargspindel (Lycosidae)]\" width=\"800\" height=\"628\" \/><\/td>\n<\/tr>\n<tr>\n<td>\n<div id=\"EXIF\"><small><em>Stora bilden:<br \/>\n090622 Klockan: 08:31 Br\u00e4nnvidd: 500.0 mm [750 mm] ISO: 125 Slutare: 1\/500 Bl\u00e4ndare: F6.3<br \/>\nKamera: SONY DSLR-A100 Objektiv: <\/em><\/small><small><em>Sigma 150-500 [35mm: 225-750]<br \/>\nInf\u00e4llda bilden:<br \/>\n<\/em><\/small><small><em>090622 Klockan: 08:32 Br\u00e4nnvidd: 500.0 mm [750 mm] ISO: 100 Slutare: 1\/500 Bl\u00e4ndare: F6.3<br \/>\nKamera: SONY DSLR-A100 Objektiv: Sigma 150-500 [35mm: 225-750]<\/em><\/small><\/div>\n<\/td>\n<\/tr>\n<tr>\n<td>\n<div id=\"ngn_bild_text\"><\/div>\n<\/td>\n<\/tr>\n<tr>\n<td>\n<div id=\"ngn_bild_text_above\">Efter en liten stund kommer en liten r\u00f6d sak mot den \u00f6versta spindeln. Nu t\u00e4nkte jag att jag kanske skulle f\u00e5 se en m\u00e5ltidsuppg\u00f6relse:<a name=\"Spindel1a\"><\/a><\/div>\n<\/td>\n<\/tr>\n<tr>\n<td align=\"center\"><img loading=\"lazy\" title=\"\u00c4ngsvargsspindel (Pardosa amentata) eller i vart fall Vargspindel (Lycosidae) och n\u00e5gon slags r\u00f6d lite skalbaggeliknande sak\" src=\"http:\/\/ngn.nu\/Bilder4\/090622_DSC00259_Spindel_Kompr80_w800.JPG\" alt=\"[Bild: \u00c4ngsvargsspindel (Pardosa amentata) eller i vart fall Vargspindel (Lycosidae) och n\u00e5gon slags r\u00f6d lite skalbaggeliknande sak]\" width=\"800\" height=\"618\" \/><\/td>\n<\/tr>\n<tr>\n<td>\n<div id=\"EXIF\"><small><em>090622 Klockan: 08:32 Br\u00e4nnvidd: 500.0 mm [750 mm] ISO: 125 Slutare: 1\/500 Bl\u00e4ndare: F6.3<br \/>\nKamera: SONY DSLR-A100 Objektiv: Sigma 150-500 [35mm: 225-750]<\/em><\/small><\/div>\n<\/td>\n<\/tr>\n<tr>\n<td>\n<div id=\"ngn_bild_text\"><\/div>\n<\/td>\n<\/tr>\n<tr>\n<td>\n<div id=\"ngn_bild_text_above\">D\u00f6m om min f\u00f6rv\u00e5ning n\u00e4r jag ser att den lilla r\u00f6da i princip jaga bort spindeln<a name=\"Spindel1b\"><\/a><\/div>\n<\/td>\n<\/tr>\n<tr>\n<td align=\"center\"><img loading=\"lazy\" title=\"\u00c4ngsvargsspindel (Pardosa amentata) eller i vart fall Vargspindel (Lycosidae) och n\u00e5gon slags r\u00f6d lite skalbaggeliknande sak\" src=\"http:\/\/ngn.nu\/Bilder4\/090622_DSC00262+00260_Spindel_Kompr80_w800.JPG\" alt=\"[Bild: \u00c4ngsvargsspindel (Pardosa amentata) eller i vart fall Vargspindel (Lycosidae) och n\u00e5gon slags r\u00f6d lite skalbaggeliknande sak]\" width=\"800\" height=\"453\" \/><\/td>\n<\/tr>\n<tr>\n<td>\n<div id=\"EXIF\"><small><em>Stora bilden:<br \/>\n090622 Klockan: 08:32 Br\u00e4nnvidd: 500.0 mm [750 mm] ISO: 160 Slutare: 1\/500 Bl\u00e4ndare: F6.3<br \/>\nKamera: SONY DSLR-A100 Objektiv: <\/em><\/small><small><em>Sigma 150-500 [35mm: 225-750]<br \/>\nInf\u00e4llda bilden:<br \/>\n<\/em><\/small><small><em>090622 Klockan: 08:32 Br\u00e4nnvidd: 500.0 mm [750 mm] ISO: 125 Slutare: 1\/500 Bl\u00e4ndare: F6.3<br \/>\nKamera: SONY DSLR-A100 Objektiv: Sigma 150-500 [35mm: 225-750]<\/em><\/small><\/div>\n<\/td>\n<\/tr>\n<tr>\n<td>\n<div id=\"ngn_bild_text\">Det lilla r\u00f6da kan vara en Jordloppa (<em>Neocrepidodera ferruginea<\/em>) eller en Hallon\u00e4nger (<em>Byturus ochraceus<\/em>) eller en Vattenbagge (<em>Enochrus testaceus<\/em>).<\/div>\n<\/td>\n<\/tr>\n<tr>\n<td>\n<div id=\"ngn_bild_text_above\">Under pl\u00e5ten fann jag bl.a.:<a name=\"Spindel3\"><\/a><br \/>\nOlika varianter av \u00c4ngsvargspindel (<em>Pardosa amentata<\/em>), tror jag? N\u00e5gon form av Vargspindel (<em>Lycosidae<\/em>)<\/div>\n<\/td>\n<\/tr>\n<tr>\n<td align=\"center\"><img loading=\"lazy\" title=\"\u00c4ngsvargspindel (Pardosa amentata), tror jag?\" src=\"http:\/\/ngn.nu\/Bilder4\/090622_DSC03673_Spindel_Kompr80_w800.JPG\" alt=\"[Bild: \u00c4ngsvargspindel (Pardosa amentata), tror jag?]\" width=\"800\" height=\"971\" \/><\/td>\n<\/tr>\n<tr>\n<td>\n<div id=\"EXIF\"><small><em>090622 Klockan: 08:55 Blixt: Ja Br\u00e4nnvidd: 6.3 mm [38] ISO: 100 Slutare: 1\/400 Bl\u00e4ndare: F2.8<br \/>\nKamera: SONY CyberShot DSC-W55 Objektiv: 6,3-18,9 [35mm: 38-114]<\/em><\/small><\/div>\n<\/td>\n<\/tr>\n<tr>\n<td>\n<div id=\"ngn_bild_text\"><\/div>\n<\/td>\n<\/tr>\n<tr>\n<td>\n<div id=\"ngn_bild_text_above\">Och en annan variant:<a name=\"Spindel4\"><\/a><\/div>\n<\/td>\n<\/tr>\n<tr>\n<td align=\"center\"><img loading=\"lazy\" title=\"\u00c4ngsvargspindel (Pardosa amentata), tror jag?\" src=\"http:\/\/ngn.nu\/Bilder4\/090622_DSC03680_Spindel_Kompr80_w800.JPG\" alt=\"[Bild: \u00c4ngsvargspindel (Pardosa amentata), tror jag?]\" width=\"800\" height=\"793\" \/><\/td>\n<\/tr>\n<tr>\n<td>\n<div id=\"EXIF\"><small><em>090622 Klockan: 08:56 Blixt: Ja Br\u00e4nnvidd: 6.3 mm [38] ISO: 100 Slutare: 1\/200 Bl\u00e4ndare: F7.1<br \/>\nKamera: SONY CyberShot DSC-W55 Objektiv: 6,3-18,9 [35mm: 38-114]<\/em><\/small><\/div>\n<\/td>\n<\/tr>\n<tr>\n<td>\n<div id=\"ngn_bild_text\"><\/div>\n<\/td>\n<\/tr>\n<tr>\n<td>\n<div id=\"ngn_bild_text_above\">Jag fann ocks\u00e5 en \u00c4ngsvargsspindel med kokong, solandes p\u00e5 ett gr\u00e4sstr\u00e5:<a name=\"Spindel5\"><\/a><\/div>\n<\/td>\n<\/tr>\n<tr>\n<td align=\"center\"><img loading=\"lazy\" title=\"\u00c4ngsvargspindel (Pardosa amentata)\" src=\"http:\/\/ngn.nu\/Bilder4\/090622_DSC00279_Spindel_Kompr80_w800.JPG\" alt=\"[Bild: \u00c4ngsvargspindel (Pardosa amentata)]\" width=\"800\" height=\"586\" \/><\/td>\n<\/tr>\n<tr>\n<td>\n<div id=\"EXIF\"><small><em>090622 Klockan: 09:01 Br\u00e4nnvidd: 500.0 mm [750 mm] ISO: 125 Slutare: 1\/500 Bl\u00e4ndare: F6.3<br \/>\nKamera: SONY DSLR-A100 Objektiv: <\/em><\/small><small><em>Sigma 150-500 [35mm: 225-750]<\/em><\/small><\/div>\n<\/td>\n<\/tr>\n<tr>\n<td>\n<div id=\"ngn_bild_text\"><\/div>\n<\/td>\n<\/tr>\n<\/tbody>\n<\/table>\n","protected":false},"excerpt":{"rendered":"<p>\u00c4ngsvargsspindlar (Pardosa amentata) eller i vart fall Vargspindel (Lycosidae) Stora bilden: 090622 Klockan: 08:31 Br\u00e4nnvidd: 500.0 mm [750 mm] ISO: 125 Slutare: 1\/500 Bl\u00e4ndare: F6.3 Kamera: SONY DSLR-A100 Objektiv: Sigma 150-500 [35mm: 225-750] Inf\u00e4llda bilden: 090622 Klockan: 08:32 Br\u00e4nnvidd: 500.0 mm [750 mm] ISO: 100 Slutare: 1\/500 Bl\u00e4ndare: F6.3 Kamera: SONY DSLR-A100 Objektiv: Sigma 150-500 [&hellip;]<\/p>\n","protected":false},"author":1,"featured_media":0,"comment_status":"open","ping_status":"open","sticky":false,"template":"","format":"standard","meta":[],"categories":[580,579,1,92,566,581,260],"tags":[69,266],"_links":{"self":[{"href":"https:\/\/bilder.ngn.nu\/index.php\/wp-json\/wp\/v2\/posts\/639"}],"collection":[{"href":"https:\/\/bilder.ngn.nu\/index.php\/wp-json\/wp\/v2\/posts"}],"about":[{"href":"https:\/\/bilder.ngn.nu\/index.php\/wp-json\/wp\/v2\/types\/post"}],"author":[{"embeddable":true,"href":"https:\/\/bilder.ngn.nu\/index.php\/wp-json\/wp\/v2\/users\/1"}],"replies":[{"embeddable":true,"href":"https:\/\/bilder.ngn.nu\/index.php\/wp-json\/wp\/v2\/comments?post=639"}],"version-history":[{"count":0,"href":"https:\/\/bilder.ngn.nu\/index.php\/wp-json\/wp\/v2\/posts\/639\/revisions"}],"wp:attachment":[{"href":"https:\/\/bilder.ngn.nu\/index.php\/wp-json\/wp\/v2\/media?parent=639"}],"wp:term":[{"taxonomy":"category","embeddable":true,"href":"https:\/\/bilder.ngn.nu\/index.php\/wp-json\/wp\/v2\/categories?post=639"},{"taxonomy":"post_tag","embeddable":true,"href":"https:\/\/bilder.ngn.nu\/index.php\/wp-json\/wp\/v2\/tags?post=639"}],"curies":[{"name":"wp","href":"https:\/\/api.w.org\/{rel}","templated":true}]}}