{"id":743,"date":"2009-10-19T12:27:45","date_gmt":"2009-10-19T10:27:45","guid":{"rendered":"http:\/\/bilder.ngn.nu\/?p=743"},"modified":"2010-08-02T20:11:44","modified_gmt":"2010-08-02T18:11:44","slug":"odlor","status":"publish","type":"post","link":"https:\/\/bilder.ngn.nu\/index.php\/2009\/10\/19\/odlor\/","title":{"rendered":"Agam (\u00d6dlor)"},"content":{"rendered":"<table style=\"width: 800px;\" border=\"0\">\n<tbody>\n<tr>\n<td>\n<div id=\"ngn_bild_rubrik\"><strong><span style=\"text-decoration: line-through;\">\u00d6dla<\/span> i Turkiet<\/strong> <span style=\"text-decoration: line-through;\">(<span style=\"font-style: italic;\">?<\/span>)<\/span><a name=\"Oedla\"><\/a>, <strong>Taggsvansagam<\/strong> (<em>Laudakia stellio<\/em>)<\/div>\n<\/td>\n<\/tr>\n<tr>\n<td>\n<div id=\"ngn_bild_text_above\">Alltid lite kul n\u00e4r jag uppt\u00e4cker att jag fotograferat n\u00e5got som jag inte visste om. Den mindre \u00f6dlan s\u00e5g jag f\u00f6rst n\u00e4r jag gick igenom bilderna.<br \/>\nStorlek, p\u00e5 den st\u00f6rre ca 25cm, den mindre ca 15cm<br \/>\n<small>[not: artbest\u00e4md; 2010-08-02]<\/small><\/div>\n<\/td>\n<\/tr>\n<tr>\n<td align=\"center\"><img style=\"width: 800px; height: 496px;\" title=\"\u00d6dlor i Turkiet\" src=\"http:\/\/ngn.nu\/BilderT\/091019-DSC01683-Oedlor-Turkiet-Kompr80-w800.JPG\" alt=\"[Bild: \u00d6dlor  i Turkiet]\" \/><\/td>\n<\/tr>\n<tr>\n<td>\n<div id=\"EXIF\"><small><em>091019 Klockan: 12:27 <\/em><\/small><small><em>Br\u00e4nnvidd: <\/em><\/small><small><em>300 [450] ISO: 200 Slutare: 1\/500 Bl\u00e4ndare: F5,6<br \/>\nKamera: SONY DSLR-A100 Objektiv: <\/em><\/small><small><em>Sony 75-300 [35mm: 112,5-450] F4.5-5.6<\/em><\/small><small><em><\/em><\/small><\/div>\n<\/td>\n<\/tr>\n<tr>\n<td>\n<div id=\"ngn_bild_text\">Jag kollar arterna n\u00e4rmre n\u00e4r jag kommer hem.<\/div>\n<\/td>\n<\/tr>\n<\/tbody>\n<\/table>\n","protected":false},"excerpt":{"rendered":"<p>\u00d6dla i Turkiet (?), Taggsvansagam (Laudakia stellio) Alltid lite kul n\u00e4r jag uppt\u00e4cker att jag fotograferat n\u00e5got som jag inte visste om. Den mindre \u00f6dlan s\u00e5g jag f\u00f6rst n\u00e4r jag gick igenom bilderna. Storlek, p\u00e5 den st\u00f6rre ca 25cm, den mindre ca 15cm [not: artbest\u00e4md; 2010-08-02] 091019 Klockan: 12:27 Br\u00e4nnvidd: 300 [450] ISO: 200 Slutare: [&hellip;]<\/p>\n","protected":false},"author":1,"featured_media":0,"comment_status":"open","ping_status":"closed","sticky":false,"template":"","format":"standard","meta":[],"categories":[10,717],"tags":[636,645,637],"_links":{"self":[{"href":"https:\/\/bilder.ngn.nu\/index.php\/wp-json\/wp\/v2\/posts\/743"}],"collection":[{"href":"https:\/\/bilder.ngn.nu\/index.php\/wp-json\/wp\/v2\/posts"}],"about":[{"href":"https:\/\/bilder.ngn.nu\/index.php\/wp-json\/wp\/v2\/types\/post"}],"author":[{"embeddable":true,"href":"https:\/\/bilder.ngn.nu\/index.php\/wp-json\/wp\/v2\/users\/1"}],"replies":[{"embeddable":true,"href":"https:\/\/bilder.ngn.nu\/index.php\/wp-json\/wp\/v2\/comments?post=743"}],"version-history":[{"count":0,"href":"https:\/\/bilder.ngn.nu\/index.php\/wp-json\/wp\/v2\/posts\/743\/revisions"}],"wp:attachment":[{"href":"https:\/\/bilder.ngn.nu\/index.php\/wp-json\/wp\/v2\/media?parent=743"}],"wp:term":[{"taxonomy":"category","embeddable":true,"href":"https:\/\/bilder.ngn.nu\/index.php\/wp-json\/wp\/v2\/categories?post=743"},{"taxonomy":"post_tag","embeddable":true,"href":"https:\/\/bilder.ngn.nu\/index.php\/wp-json\/wp\/v2\/tags?post=743"}],"curies":[{"name":"wp","href":"https:\/\/api.w.org\/{rel}","templated":true}]}}