{"id":783,"date":"2009-11-21T12:59:48","date_gmt":"2009-11-21T10:59:48","guid":{"rendered":"http:\/\/bilder.ngn.nu\/?p=783"},"modified":"2009-11-22T11:50:13","modified_gmt":"2009-11-22T09:50:13","slug":"blomma-9","status":"publish","type":"post","link":"https:\/\/bilder.ngn.nu\/index.php\/2009\/11\/21\/blomma-9\/","title":{"rendered":"Blomma"},"content":{"rendered":"<table style=\"width: 800px;\" border=\"0\">\n<tbody>\n<tr>\n<td>\n<div id=\"ngn_bild_rubrik\"><strong>Blomma i Turkiet<\/strong> (<span style=\"font-style: italic;\">?<\/span>)<a name=\"Blomma\"><\/a><\/div>\n<\/td>\n<\/tr>\n<tr>\n<td>\n<div id=\"ngn_bild_text_above\">Liknar v\u00e5r sn\u00f6droppe.<\/div>\n<\/td>\n<\/tr>\n<tr>\n<td align=\"center\"><img style=\"width: 800px; height: 576px;\" title=\"Blomma, Sapadere, i Turkiet\" src=\"http:\/\/ngn.nu\/BilderT\/091121-DSC02349+2347-Blomma-Sapadere-Turkiet-Kompr70-w800.JPG\" alt=\"[Bild: Blomma, Sapadere,  i Turkiet]\" \/><\/td>\n<\/tr>\n<tr>\n<td>\n<div id=\"EXIF\"><small><em>Stora bilden:<br \/>\n091121 Klockan: 12:59 <\/em><\/small><small><em><\/em><\/small><small><em><\/em><\/small><small><em>Blixt: Ja Br\u00e4nnvidd: 75<\/em><\/small><small><em> [112] ISO: 320 Slutare: 1\/125 Bl\u00e4ndare: F5,6<br \/>\nKamera: SONY DSLR-A100 Objektiv: <\/em><\/small><small><em>Sony 75-300 [35mm: 112,5-450] F4.5-5.6<\/em><\/small><br \/>\n<small><em>Inf\u00e4llda bilden:<br \/>\n091121 Klockan: 12:59 <\/em><\/small><small><em><\/em><\/small><small><em><\/em><\/small><small><em>Blixt: Ja <\/em><\/small><small><em>Br\u00e4nnvidd: <\/em><\/small><small><em>300 [450] ISO: 400 Slutare: 1\/125 Bl\u00e4ndare: F7,1<br \/>\nKamera: SONY DSLR-A100 Objektiv: <\/em><\/small><small><em>Sony 75-300 [35mm: 112,5-450] F4.5-5.6<\/em><\/small><br \/>\n<small><em><\/em><\/small><small><em><\/em><\/small><small><em><\/em><\/small><\/div>\n<\/td>\n<\/tr>\n<tr>\n<td>\n<div id=\"ngn_bild_text\">Jag kollar arterna n\u00e4rmre n\u00e4r jag kommer hem.<\/div>\n<\/td>\n<\/tr>\n<\/tbody>\n<\/table>\n","protected":false},"excerpt":{"rendered":"<p>Blomma i Turkiet (?) Liknar v\u00e5r sn\u00f6droppe. Stora bilden: 091121 Klockan: 12:59 Blixt: Ja Br\u00e4nnvidd: 75 [112] ISO: 320 Slutare: 1\/125 Bl\u00e4ndare: F5,6 Kamera: SONY DSLR-A100 Objektiv: Sony 75-300 [35mm: 112,5-450] F4.5-5.6 Inf\u00e4llda bilden: 091121 Klockan: 12:59 Blixt: Ja Br\u00e4nnvidd: 300 [450] ISO: 400 Slutare: 1\/125 Bl\u00e4ndare: F7,1 Kamera: SONY DSLR-A100 Objektiv: Sony 75-300 [35mm: [&hellip;]<\/p>\n","protected":false},"author":1,"featured_media":0,"comment_status":"open","ping_status":"closed","sticky":false,"template":"","format":"standard","meta":[],"categories":[639,135],"tags":[636,659,637],"_links":{"self":[{"href":"https:\/\/bilder.ngn.nu\/index.php\/wp-json\/wp\/v2\/posts\/783"}],"collection":[{"href":"https:\/\/bilder.ngn.nu\/index.php\/wp-json\/wp\/v2\/posts"}],"about":[{"href":"https:\/\/bilder.ngn.nu\/index.php\/wp-json\/wp\/v2\/types\/post"}],"author":[{"embeddable":true,"href":"https:\/\/bilder.ngn.nu\/index.php\/wp-json\/wp\/v2\/users\/1"}],"replies":[{"embeddable":true,"href":"https:\/\/bilder.ngn.nu\/index.php\/wp-json\/wp\/v2\/comments?post=783"}],"version-history":[{"count":0,"href":"https:\/\/bilder.ngn.nu\/index.php\/wp-json\/wp\/v2\/posts\/783\/revisions"}],"wp:attachment":[{"href":"https:\/\/bilder.ngn.nu\/index.php\/wp-json\/wp\/v2\/media?parent=783"}],"wp:term":[{"taxonomy":"category","embeddable":true,"href":"https:\/\/bilder.ngn.nu\/index.php\/wp-json\/wp\/v2\/categories?post=783"},{"taxonomy":"post_tag","embeddable":true,"href":"https:\/\/bilder.ngn.nu\/index.php\/wp-json\/wp\/v2\/tags?post=783"}],"curies":[{"name":"wp","href":"https:\/\/api.w.org\/{rel}","templated":true}]}}