{"id":788,"date":"2009-11-24T15:02:57","date_gmt":"2009-11-24T13:02:57","guid":{"rendered":"http:\/\/bilder.ngn.nu\/?p=788"},"modified":"2009-11-24T19:29:11","modified_gmt":"2009-11-24T17:29:11","slug":"sadesarla","status":"publish","type":"post","link":"https:\/\/bilder.ngn.nu\/index.php\/2009\/11\/24\/sadesarla\/","title":{"rendered":"S\u00e4des\u00e4rla"},"content":{"rendered":"<table style=\"width: 800px;\" border=\"0\">\n<tbody>\n<tr>\n<td>\n<div id=\"ngn_bild_rubrik\"><strong>S\u00e4des\u00e4rla i Turkiet<\/strong> (<span style=\"font-style: italic;\">?<\/span>)<a name=\"Fagel\"><\/a><\/div>\n<\/td>\n<\/tr>\n<tr>\n<td>\n<div id=\"ngn_bild_text_above\">Lite tydligare bild \u00e4n vad jag f\u00e5tt tidigare. Nu har jag nog s\u00e5 det r\u00e4cker f\u00f6r en artbest\u00e4mning.\n<\/div>\n<\/td>\n<\/tr>\n<tr>\n<td align=\"center\"><img style=\"width: 800px; height: 537px;\" title=\"S\u00e4des\u00e4rla i Turkiet\" src=\"http:\/\/ngn.nu\/BilderT\/091124-DSC02442+2444-Saedesaerla-Turkiet-Kompr80-w800.JPG\" alt=\"[Bild: S\u00e4des\u00e4rla i Turkiet]\" \/><\/td>\n<\/tr>\n<tr>\n<td>\n<div id=\"EXIF\"><small><em>Stora bilden:<br \/>\n091124 Klockan: 15:02 <\/em><\/small><small><em><\/em><\/small><small><em><\/em><\/small><small><em>Br\u00e4nnvidd: 300<\/em><\/small><small><em>[450] ISO: 200 Slutare: 1\/500 Bl\u00e4ndare: F5,6<br \/>\nKamera: SONY DSLR-A100 Objektiv: <\/em><\/small><small><em>Sony 75-300 [35mm: 112,5-450] F4.5-5.6<\/em><\/small><br \/>\n<small><em>Inf\u00e4llda bilden:<br \/>\n091124 Klockan: 15:02 <\/em><\/small><small><em><\/em><\/small><small><em><\/em><\/small><small><em>Br\u00e4nnvidd: 300<\/em><\/small><small><em>[450] ISO: 200 Slutare: 1\/500 Bl\u00e4ndare: F5,6<br \/>\nKamera: SONY DSLR-A100 Objektiv: <\/em><\/small><small><em>Sony 75-300 [35mm: 112,5-450] F4.5-5.6<\/em><\/small><br \/>\n<small><em><\/em><\/small><small><em><\/em><\/small><small><em><\/em><\/small><\/div>\n<\/td>\n<\/tr>\n<tr>\n<td>\n<div id=\"ngn_bild_text\">Jag kollar arterna n\u00e4rmre n\u00e4r jag kommer hem.\n<\/div>\n<\/td>\n<\/tr>\n<\/tbody>\n<\/table>\n","protected":false},"excerpt":{"rendered":"<p>S\u00e4des\u00e4rla i Turkiet (?) Lite tydligare bild \u00e4n vad jag f\u00e5tt tidigare. Nu har jag nog s\u00e5 det r\u00e4cker f\u00f6r en artbest\u00e4mning. Stora bilden: 091124 Klockan: 15:02 Br\u00e4nnvidd: 300[450] ISO: 200 Slutare: 1\/500 Bl\u00e4ndare: F5,6 Kamera: SONY DSLR-A100 Objektiv: Sony 75-300 [35mm: 112,5-450] F4.5-5.6 Inf\u00e4llda bilden: 091124 Klockan: 15:02 Br\u00e4nnvidd: 300[450] ISO: 200 Slutare: 1\/500 [&hellip;]<\/p>\n","protected":false},"author":1,"featured_media":0,"comment_status":"open","ping_status":"closed","sticky":false,"template":"","format":"standard","meta":[],"categories":[11,639],"tags":[636,637,647],"_links":{"self":[{"href":"https:\/\/bilder.ngn.nu\/index.php\/wp-json\/wp\/v2\/posts\/788"}],"collection":[{"href":"https:\/\/bilder.ngn.nu\/index.php\/wp-json\/wp\/v2\/posts"}],"about":[{"href":"https:\/\/bilder.ngn.nu\/index.php\/wp-json\/wp\/v2\/types\/post"}],"author":[{"embeddable":true,"href":"https:\/\/bilder.ngn.nu\/index.php\/wp-json\/wp\/v2\/users\/1"}],"replies":[{"embeddable":true,"href":"https:\/\/bilder.ngn.nu\/index.php\/wp-json\/wp\/v2\/comments?post=788"}],"version-history":[{"count":0,"href":"https:\/\/bilder.ngn.nu\/index.php\/wp-json\/wp\/v2\/posts\/788\/revisions"}],"wp:attachment":[{"href":"https:\/\/bilder.ngn.nu\/index.php\/wp-json\/wp\/v2\/media?parent=788"}],"wp:term":[{"taxonomy":"category","embeddable":true,"href":"https:\/\/bilder.ngn.nu\/index.php\/wp-json\/wp\/v2\/categories?post=788"},{"taxonomy":"post_tag","embeddable":true,"href":"https:\/\/bilder.ngn.nu\/index.php\/wp-json\/wp\/v2\/tags?post=788"}],"curies":[{"name":"wp","href":"https:\/\/api.w.org\/{rel}","templated":true}]}}