{"id":794,"date":"2009-11-25T11:29:08","date_gmt":"2009-11-25T09:29:08","guid":{"rendered":"http:\/\/bilder.ngn.nu\/?p=794"},"modified":"2009-11-25T16:45:10","modified_gmt":"2009-11-25T14:45:10","slug":"grashoppa-12","status":"publish","type":"post","link":"https:\/\/bilder.ngn.nu\/index.php\/2009\/11\/25\/grashoppa-12\/","title":{"rendered":"Gr\u00e4shoppa"},"content":{"rendered":"<table style=\"width: 800px;\" border=\"0\">\n<tbody>\n<tr>\n<td>\n<div id=\"ngn_bild_rubrik\">\n<div id=\"ngn_bild_rubrik\"><strong>Gr\u00e4shoppa i Turkiet<\/strong> (<span style=\"font-style: italic;\">?<\/span>)<a name=\"Rubrik\"><\/a><\/div>\n<\/div>\n<\/td>\n<\/tr>\n<tr>\n<td>\n<div id=\"ngn_bild_text_above\">L\u00e4ngd ca 7-8cm<\/div>\n<\/td>\n<\/tr>\n<tr>\n<td align=\"center\"><img style=\"width: 800px; height: 556px;\" title=\"Gr\u00e4shoppa i Turkiet\" src=\"http:\/\/ngn.nu\/BilderT\/091125-DSC02496+2501-Graeshoppa-Turkiet-Kompr90-w800.JPG\" alt=\"[Bild: Gr\u00e4shoppa i Turkiet]\" \/><\/td>\n<\/tr>\n<tr>\n<td>\n<div id=\"EXIF\"><small><em>Stora bilden:<br \/>\n091125 Klockan: 11:29 <\/em><\/small><small><em><\/em><\/small><small><em><\/em><\/small><small><em>Br\u00e4nnvidd: 300<\/em><\/small><small><em>[450] ISO: 100 Slutare: 1\/500 Bl\u00e4ndare: F6,3<br \/>\nKamera: SONY DSLR-A100 Objektiv: <\/em><\/small><small><em>Sony 75-300 [35mm: 112,5-450] F4.5-5.6<\/em><\/small><br \/>\n<small><em>Inf\u00e4llda bilden:<br \/>\n091125 Klockan: 11:29 <\/em><\/small><small><em><\/em><\/small><small><em><\/em><\/small><small><em>Br\u00e4nnvidd: 300<\/em><\/small><small><em>[450] ISO: 125 Slutare: 1\/500 Bl\u00e4ndare: F6,3<br \/>\nKamera: SONY DSLR-A100 Objektiv: <\/em><\/small><small><em>Sony 75-300 [35mm: 112,5-450] F4.5-5.6<\/em><\/small><br \/>\n<small><em><\/em><\/small><small><em><\/em><\/small><small><em><\/em><\/small><\/div>\n<\/td>\n<\/tr>\n<tr>\n<td>\n<div id=\"ngn_bild_text\">Jag kollar arterna n\u00e4rmre n\u00e4r jag kommer hem.<\/div>\n<\/td>\n<\/tr>\n<\/tbody>\n<\/table>\n","protected":false},"excerpt":{"rendered":"<p>Gr\u00e4shoppa i Turkiet (?) L\u00e4ngd ca 7-8cm Stora bilden: 091125 Klockan: 11:29 Br\u00e4nnvidd: 300[450] ISO: 100 Slutare: 1\/500 Bl\u00e4ndare: F6,3 Kamera: SONY DSLR-A100 Objektiv: Sony 75-300 [35mm: 112,5-450] F4.5-5.6 Inf\u00e4llda bilden: 091125 Klockan: 11:29 Br\u00e4nnvidd: 300[450] ISO: 125 Slutare: 1\/500 Bl\u00e4ndare: F6,3 Kamera: SONY DSLR-A100 Objektiv: Sony 75-300 [35mm: 112,5-450] F4.5-5.6 Jag kollar arterna n\u00e4rmre [&hellip;]<\/p>\n","protected":false},"author":1,"featured_media":0,"comment_status":"open","ping_status":"closed","sticky":false,"template":"","format":"standard","meta":[],"categories":[377,639],"tags":[636,637,647],"_links":{"self":[{"href":"https:\/\/bilder.ngn.nu\/index.php\/wp-json\/wp\/v2\/posts\/794"}],"collection":[{"href":"https:\/\/bilder.ngn.nu\/index.php\/wp-json\/wp\/v2\/posts"}],"about":[{"href":"https:\/\/bilder.ngn.nu\/index.php\/wp-json\/wp\/v2\/types\/post"}],"author":[{"embeddable":true,"href":"https:\/\/bilder.ngn.nu\/index.php\/wp-json\/wp\/v2\/users\/1"}],"replies":[{"embeddable":true,"href":"https:\/\/bilder.ngn.nu\/index.php\/wp-json\/wp\/v2\/comments?post=794"}],"version-history":[{"count":0,"href":"https:\/\/bilder.ngn.nu\/index.php\/wp-json\/wp\/v2\/posts\/794\/revisions"}],"wp:attachment":[{"href":"https:\/\/bilder.ngn.nu\/index.php\/wp-json\/wp\/v2\/media?parent=794"}],"wp:term":[{"taxonomy":"category","embeddable":true,"href":"https:\/\/bilder.ngn.nu\/index.php\/wp-json\/wp\/v2\/categories?post=794"},{"taxonomy":"post_tag","embeddable":true,"href":"https:\/\/bilder.ngn.nu\/index.php\/wp-json\/wp\/v2\/tags?post=794"}],"curies":[{"name":"wp","href":"https:\/\/api.w.org\/{rel}","templated":true}]}}