{"id":801,"date":"2009-11-25T12:20:17","date_gmt":"2009-11-25T10:20:17","guid":{"rendered":"http:\/\/bilder.ngn.nu\/?p=801"},"modified":"2009-11-26T18:33:23","modified_gmt":"2009-11-26T16:33:23","slug":"bonsyrsa","status":"publish","type":"post","link":"https:\/\/bilder.ngn.nu\/index.php\/2009\/11\/25\/bonsyrsa\/","title":{"rendered":"B\u00f6nsyrsa"},"content":{"rendered":"<table style=\"width: 800px;\" border=\"0\">\n<tbody>\n<tr>\n<td>\n<div id=\"ngn_bild_rubrik\">\n<div id=\"ngn_bild_rubrik\"><strong>B\u00f6nsyrsa<\/strong> (<span style=\"font-style: italic;\">?<\/span>), i Turkiet<a name=\"Rubrik\"><\/a><\/div>\n<\/div>\n<\/td>\n<\/tr>\n<tr>\n<td>\n<div id=\"ngn_bild_text_above\">L\u00e4ngd ca 7-8cm<br \/>\nDet som ser ut som en &#8217;klubba&#8217;, vid \/ under huvudet, \u00e4r f\u00e5ngstarmarna. Blixtsnabbt kan de str\u00e4ckas ut tre g\u00e5nger sin l\u00e4ngd. Det g\u00e5r att se hur de \u00e4r vikta i tre.<br \/>\nB\u00f6nsyrsan sitter ofta s\u00e5m h\u00e4r och v\u00e4ntar p\u00e5 att det ska dyka upp en l\u00e4molig insekt inom f\u00e5ngsth\u00e5ll.\n<\/div>\n<\/td>\n<\/tr>\n<tr>\n<td align=\"center\"><img style=\"width: 800px; height: 522px;\" title=\"B\u00f6nsyrsa, i Turkiet\" src=\"http:\/\/ngn.nu\/BilderT\/091125-DSC02624-Boensyrsa-Turkiet-Kompr80-w800.JPG\" alt=\"[Bild: B\u00f6nsyrsa, i Turkiet]\" \/><\/td>\n<\/tr>\n<tr>\n<td>\n<div id=\"EXIF\"><small><em>091125 Klockan: 12:20 <\/em><\/small><small><em><\/em><\/small><small><em><\/em><\/small><small><em>Br\u00e4nnvidd: 160[<\/em><\/small><small><em>240] ISO: 100 Slutare: 1\/500 Bl\u00e4ndare: F5,6<br \/>\nKamera: SONY DSLR-A100 Objektiv: <\/em><\/small><small><em>Sony 75-300 [35mm: 112,5-450] F4.5-5.6<\/em><\/small><br \/>\n<small><em><\/em><\/small><small><em><\/em><\/small><small><em><\/em><\/small><\/div>\n<\/td>\n<\/tr>\n<tr>\n<td>\n<div id=\"ngn_bild_text\">Jag kollar arterna n\u00e4rmre n\u00e4r jag kommer hem.\n<\/div>\n<\/td>\n<\/tr>\n<\/tbody>\n<\/table>\n","protected":false},"excerpt":{"rendered":"<p>B\u00f6nsyrsa (?), i Turkiet L\u00e4ngd ca 7-8cm Det som ser ut som en &#8217;klubba&#8217;, vid \/ under huvudet, \u00e4r f\u00e5ngstarmarna. Blixtsnabbt kan de str\u00e4ckas ut tre g\u00e5nger sin l\u00e4ngd. Det g\u00e5r att se hur de \u00e4r vikta i tre. B\u00f6nsyrsan sitter ofta s\u00e5m h\u00e4r och v\u00e4ntar p\u00e5 att det ska dyka upp en l\u00e4molig insekt [&hellip;]<\/p>\n","protected":false},"author":1,"featured_media":0,"comment_status":"open","ping_status":"closed","sticky":false,"template":"","format":"standard","meta":[],"categories":[661,639],"tags":[636,637,647],"_links":{"self":[{"href":"https:\/\/bilder.ngn.nu\/index.php\/wp-json\/wp\/v2\/posts\/801"}],"collection":[{"href":"https:\/\/bilder.ngn.nu\/index.php\/wp-json\/wp\/v2\/posts"}],"about":[{"href":"https:\/\/bilder.ngn.nu\/index.php\/wp-json\/wp\/v2\/types\/post"}],"author":[{"embeddable":true,"href":"https:\/\/bilder.ngn.nu\/index.php\/wp-json\/wp\/v2\/users\/1"}],"replies":[{"embeddable":true,"href":"https:\/\/bilder.ngn.nu\/index.php\/wp-json\/wp\/v2\/comments?post=801"}],"version-history":[{"count":0,"href":"https:\/\/bilder.ngn.nu\/index.php\/wp-json\/wp\/v2\/posts\/801\/revisions"}],"wp:attachment":[{"href":"https:\/\/bilder.ngn.nu\/index.php\/wp-json\/wp\/v2\/media?parent=801"}],"wp:term":[{"taxonomy":"category","embeddable":true,"href":"https:\/\/bilder.ngn.nu\/index.php\/wp-json\/wp\/v2\/categories?post=801"},{"taxonomy":"post_tag","embeddable":true,"href":"https:\/\/bilder.ngn.nu\/index.php\/wp-json\/wp\/v2\/tags?post=801"}],"curies":[{"name":"wp","href":"https:\/\/api.w.org\/{rel}","templated":true}]}}