{"id":806,"date":"2009-11-27T11:43:03","date_gmt":"2009-11-27T09:43:03","guid":{"rendered":"http:\/\/bilder.ngn.nu\/?p=806"},"modified":"2010-08-02T19:44:17","modified_gmt":"2010-08-02T17:44:17","slug":"odla-34","status":"publish","type":"post","link":"https:\/\/bilder.ngn.nu\/index.php\/2009\/11\/27\/odla-34\/","title":{"rendered":"Agam (\u00d6dla)"},"content":{"rendered":"<table style=\"width: 800px;\" border=\"0\">\n<tbody>\n<tr>\n<td>\n<div id=\"ngn_bild_rubrik\">\n<div id=\"ngn_bild_rubrik\"><span style=\"text-decoration: line-through;\"><strong>\u00d6dla<\/strong> <\/span><span style=\"text-decoration: line-through;\">(<span style=\"font-style: italic;\">?<\/span>)<\/span>, i Turkiet<a name=\"Rubrik\"><\/a>, <strong>Taggsvansagam<\/strong> (<em>Laudakia stellio<\/em>)<\/div>\n<\/div>\n<\/td>\n<\/tr>\n<tr>\n<td>\n<div id=\"ngn_bild_text_above\">Storlek ca 10cm<br \/>\n<small>[not: artbest\u00e4md; 2010-08-02]<\/small><\/div>\n<\/td>\n<\/tr>\n<tr>\n<td align=\"center\"><img style=\"width: 800px; height: 536px;\" title=\"\u00d6dla, i Turkiet\" src=\"http:\/\/ngn.nu\/BilderT\/091127-DSC02630+2633-Oedla-Turkiet-Kompr70-w800.JPG\" alt=\"[Bild: \u00d6dla, i Turkiet]\" \/><\/td>\n<\/tr>\n<tr>\n<td>\n<div id=\"EXIF\"><small><em>Stora bilden<br \/>\n091127 Klockan: 11:43 <\/em><\/small><small><em><\/em><\/small><small><em><\/em><\/small><small><em><\/em><\/small><small><em><\/em><\/small><small><em><\/em><\/small><small><em><\/em><\/small><small><em><\/em><\/small><small><em><\/em><\/small><small><em>Br\u00e4nnvidd: 300[<\/em><\/small><small><em>450] ISO: 200 Slutare: 1\/500 Bl\u00e4ndare: F5,6<br \/>\nKamera: SONY DSLR-A100 Objektiv: <\/em><\/small><small><em>Sony 75-300 [35mm: 112,5-450] F4.5-5.6<br \/>\n<\/em><\/small><small><em>Inf\u00e4llda bilden:<br \/>\n091127 Klockan: 11:44 <\/em><\/small><small><em><\/em><\/small><small><em><\/em><\/small><small><em><\/em><\/small><small><em><\/em><\/small><small><em><\/em><\/small><small><em><\/em><\/small><small><em><\/em><\/small><small><em><\/em><\/small><small><em>Br\u00e4nnvidd: 300[450<\/em><\/small><small><em>] ISO: 125 Slutare: 1\/500 Bl\u00e4ndare: F5,6<br \/>\nKamera: SONY DSLR-A100 Objektiv: <\/em><\/small><small><em>Sony 75-300 [35mm: 112,5-450] F4.5-5.6<\/em><\/small><br \/>\n<small><em><\/em><\/small><small><em><\/em><\/small><small><em><\/em><\/small><\/div>\n<\/td>\n<\/tr>\n<tr>\n<td>\n<div id=\"ngn_bild_text\">Jag kollar arterna n\u00e4rmre n\u00e4r jag kommer hem.<\/div>\n<\/td>\n<\/tr>\n<\/tbody>\n<\/table>\n","protected":false},"excerpt":{"rendered":"<p>\u00d6dla (?), i Turkiet, Taggsvansagam (Laudakia stellio) Storlek ca 10cm [not: artbest\u00e4md; 2010-08-02] Stora bilden 091127 Klockan: 11:43 Br\u00e4nnvidd: 300[450] ISO: 200 Slutare: 1\/500 Bl\u00e4ndare: F5,6 Kamera: SONY DSLR-A100 Objektiv: Sony 75-300 [35mm: 112,5-450] F4.5-5.6 Inf\u00e4llda bilden: 091127 Klockan: 11:44 Br\u00e4nnvidd: 300[450] ISO: 125 Slutare: 1\/500 Bl\u00e4ndare: F5,6 Kamera: SONY DSLR-A100 Objektiv: Sony 75-300 [35mm: [&hellip;]<\/p>\n","protected":false},"author":1,"featured_media":0,"comment_status":"open","ping_status":"closed","sticky":false,"template":"","format":"standard","meta":[],"categories":[10,717],"tags":[636,637,662],"_links":{"self":[{"href":"https:\/\/bilder.ngn.nu\/index.php\/wp-json\/wp\/v2\/posts\/806"}],"collection":[{"href":"https:\/\/bilder.ngn.nu\/index.php\/wp-json\/wp\/v2\/posts"}],"about":[{"href":"https:\/\/bilder.ngn.nu\/index.php\/wp-json\/wp\/v2\/types\/post"}],"author":[{"embeddable":true,"href":"https:\/\/bilder.ngn.nu\/index.php\/wp-json\/wp\/v2\/users\/1"}],"replies":[{"embeddable":true,"href":"https:\/\/bilder.ngn.nu\/index.php\/wp-json\/wp\/v2\/comments?post=806"}],"version-history":[{"count":0,"href":"https:\/\/bilder.ngn.nu\/index.php\/wp-json\/wp\/v2\/posts\/806\/revisions"}],"wp:attachment":[{"href":"https:\/\/bilder.ngn.nu\/index.php\/wp-json\/wp\/v2\/media?parent=806"}],"wp:term":[{"taxonomy":"category","embeddable":true,"href":"https:\/\/bilder.ngn.nu\/index.php\/wp-json\/wp\/v2\/categories?post=806"},{"taxonomy":"post_tag","embeddable":true,"href":"https:\/\/bilder.ngn.nu\/index.php\/wp-json\/wp\/v2\/tags?post=806"}],"curies":[{"name":"wp","href":"https:\/\/api.w.org\/{rel}","templated":true}]}}