{"id":812,"date":"2009-10-24T09:42:16","date_gmt":"2009-10-24T07:42:16","guid":{"rendered":"http:\/\/bilder.ngn.nu\/?p=812"},"modified":"2010-06-18T14:11:18","modified_gmt":"2010-06-18T12:11:18","slug":"blomma-10","status":"publish","type":"post","link":"https:\/\/bilder.ngn.nu\/index.php\/2009\/10\/24\/blomma-10\/","title":{"rendered":"Blomma"},"content":{"rendered":"<table style=\"width: 800px;\" border=\"0\">\n<tbody>\n<tr>\n<td>\n<div id=\"ngn_bild_rubrik\">\n<div id=\"ngn_bild_rubrik\"><span style=\"text-decoration: line-through;\"><strong>Blomma<\/strong> (<span style=\"font-style: italic;\">?<\/span>)<\/span> <strong>Hibiskus<\/strong> (<em>Hibiscus rosa-sinensis<\/em>), i Turkiet<a name=\"Rubrik\"><\/a><\/div>\n<\/div>\n<\/td>\n<\/tr>\n<tr>\n<td>\n<div id=\"ngn_bild_text_above\">Storlek ca 12cm. St\u00e5ndare och pistiller st\u00e5r ut ca 6-7cm.<br \/>\nJag tackar &#8217;Fingerf\u00e4rdig&#8217; f\u00f6r hj\u00e4lpen.<\/div>\n<\/td>\n<\/tr>\n<tr>\n<td align=\"center\"><img style=\"width: 800px; height: 536px;\" title=\"Hibiskus (Hibiscus rosa-sinensis), i Turkiet\" src=\"http:\/\/ngn.nu\/BilderT\/091024-DSC01921-Blomma-Turkiet-Kompr80-w800.JPG\" alt=\"[Bild: Hibiskus (Hibiscus rosa-sinensis), i Turkiet]\" \/><\/td>\n<\/tr>\n<tr>\n<td>\n<div id=\"EXIF\"><small><em>091024 Klockan: 09:42 <\/em><\/small><small><em><\/em><\/small><small><em><\/em><\/small><small><em><\/em><\/small><small><em><\/em><\/small><small><em><\/em><\/small><small><em>Br\u00e4nnvidd: 200[350<\/em><\/small><small><em>] ISO: 320 Slutare: 1\/320 Bl\u00e4ndare: F5,6<br \/>\nKamera: SONY DSLR-A100 Objektiv: <\/em><\/small><small><em>Sony 75-300 [35mm: 112,5-450] F4.5-5.6<\/em><\/small><br \/>\n<small><em><\/em><\/small><small><em><\/em><\/small><small><em><\/em><\/small><\/div>\n<\/td>\n<\/tr>\n<tr>\n<td>\n<div id=\"ngn_bild_text\">Jag kollar arterna n\u00e4rmre n\u00e4r jag kommer hem.<\/div>\n<\/td>\n<\/tr>\n<\/tbody>\n<\/table>\n","protected":false},"excerpt":{"rendered":"<p>Blomma (?) Hibiskus (Hibiscus rosa-sinensis), i Turkiet Storlek ca 12cm. St\u00e5ndare och pistiller st\u00e5r ut ca 6-7cm. Jag tackar &#8217;Fingerf\u00e4rdig&#8217; f\u00f6r hj\u00e4lpen. 091024 Klockan: 09:42 Br\u00e4nnvidd: 200[350] ISO: 320 Slutare: 1\/320 Bl\u00e4ndare: F5,6 Kamera: SONY DSLR-A100 Objektiv: Sony 75-300 [35mm: 112,5-450] F4.5-5.6 Jag kollar arterna n\u00e4rmre n\u00e4r jag kommer hem.<\/p>\n","protected":false},"author":1,"featured_media":0,"comment_status":"open","ping_status":"closed","sticky":false,"template":"","format":"standard","meta":[],"categories":[697],"tags":[636,637],"_links":{"self":[{"href":"https:\/\/bilder.ngn.nu\/index.php\/wp-json\/wp\/v2\/posts\/812"}],"collection":[{"href":"https:\/\/bilder.ngn.nu\/index.php\/wp-json\/wp\/v2\/posts"}],"about":[{"href":"https:\/\/bilder.ngn.nu\/index.php\/wp-json\/wp\/v2\/types\/post"}],"author":[{"embeddable":true,"href":"https:\/\/bilder.ngn.nu\/index.php\/wp-json\/wp\/v2\/users\/1"}],"replies":[{"embeddable":true,"href":"https:\/\/bilder.ngn.nu\/index.php\/wp-json\/wp\/v2\/comments?post=812"}],"version-history":[{"count":0,"href":"https:\/\/bilder.ngn.nu\/index.php\/wp-json\/wp\/v2\/posts\/812\/revisions"}],"wp:attachment":[{"href":"https:\/\/bilder.ngn.nu\/index.php\/wp-json\/wp\/v2\/media?parent=812"}],"wp:term":[{"taxonomy":"category","embeddable":true,"href":"https:\/\/bilder.ngn.nu\/index.php\/wp-json\/wp\/v2\/categories?post=812"},{"taxonomy":"post_tag","embeddable":true,"href":"https:\/\/bilder.ngn.nu\/index.php\/wp-json\/wp\/v2\/tags?post=812"}],"curies":[{"name":"wp","href":"https:\/\/api.w.org\/{rel}","templated":true}]}}