{"id":875,"date":"2010-03-30T21:42:47","date_gmt":"2010-03-30T19:42:47","guid":{"rendered":"http:\/\/bilder.ngn.nu\/?p=875"},"modified":"2010-03-30T21:42:47","modified_gmt":"2010-03-30T19:42:47","slug":"fagel-32","status":"publish","type":"post","link":"https:\/\/bilder.ngn.nu\/index.php\/2010\/03\/30\/fagel-32\/","title":{"rendered":"F\u00e5gel"},"content":{"rendered":"<table style=\"width: 800px;\" border=\"0\">\n<tbody>\n<tr>\n<td>\n<div id=\"ngn_bild_rubrik\">\n<div id=\"ngn_bild_rubrik\"><strong>Tofsvipa<\/strong> (<span style=\"font-family: Times New Roman,Times,serif; font-style: italic;\">Van\u00e9llus vanellus<\/span>)<a name=\"Rubrik\"><\/a><\/div>\n<\/div>\n<\/td>\n<\/tr>\n<tr>\n<td>\n<div id=\"ngn_bild_text_above\"><span style=\"font-weight: bold;\">L\u00e4ngd<\/span>: 30-33cm <span style=\"font-weight: bold;\">Vikt<\/span>: 180-227g.<br \/>\nDen h\u00e4r h\u00f6ll p\u00e5 f\u00f6r fullt med sin flyguppvisning f\u00f6r honan som satt i v\u00e5tmarken nedanf\u00f6r.\n<\/div>\n<\/td>\n<\/tr>\n<tr>\n<td align=\"center\"><img style=\"width: 800px; height: 624px;\" title=\"Tofsvipa (Van\u00e9llus vanellus)\" src=\"http:\/\/ngn.nu\/Pict\/2010\/100330-DSC00020-Tofsvipa-Kompr70-w800.JPG\" alt=\"[Bild: Tofsvipa (Van\u00e9llus vanellus)]\" \/><\/td>\n<\/tr>\n<tr>\n<td>\n<div id=\"EXIF\"><small><em>100330 Klockan: 09:52 Br\u00e4nnvidd: 300 [450] ISO: 100 Slutare: 1\/500\u00a0 Bl\u00e4ndare: F6.3<br \/>\nKamera: SONY DSLR-A230 Objektiv: SIGMA 70-300 [35mm: 105-450] <\/em><\/small><\/div>\n<\/td>\n<\/tr>\n<tr>\n<td>\n<div id=\"ngn_bild_text\">Lade till Filtret &#8217;Oskarp mask&#8217;.\n<\/div>\n<\/td>\n<\/tr>\n<\/tbody>\n<\/table>\n","protected":false},"excerpt":{"rendered":"<p>Tofsvipa (Van\u00e9llus vanellus) L\u00e4ngd: 30-33cm Vikt: 180-227g. Den h\u00e4r h\u00f6ll p\u00e5 f\u00f6r fullt med sin flyguppvisning f\u00f6r honan som satt i v\u00e5tmarken nedanf\u00f6r. 100330 Klockan: 09:52 Br\u00e4nnvidd: 300 [450] ISO: 100 Slutare: 1\/500\u00a0 Bl\u00e4ndare: F6.3 Kamera: SONY DSLR-A230 Objektiv: SIGMA 70-300 [35mm: 105-450] Lade till Filtret &#8217;Oskarp mask&#8217;.<\/p>\n","protected":false},"author":1,"featured_media":0,"comment_status":"open","ping_status":"closed","sticky":false,"template":"","format":"standard","meta":[],"categories":[340],"tags":[329],"_links":{"self":[{"href":"https:\/\/bilder.ngn.nu\/index.php\/wp-json\/wp\/v2\/posts\/875"}],"collection":[{"href":"https:\/\/bilder.ngn.nu\/index.php\/wp-json\/wp\/v2\/posts"}],"about":[{"href":"https:\/\/bilder.ngn.nu\/index.php\/wp-json\/wp\/v2\/types\/post"}],"author":[{"embeddable":true,"href":"https:\/\/bilder.ngn.nu\/index.php\/wp-json\/wp\/v2\/users\/1"}],"replies":[{"embeddable":true,"href":"https:\/\/bilder.ngn.nu\/index.php\/wp-json\/wp\/v2\/comments?post=875"}],"version-history":[{"count":0,"href":"https:\/\/bilder.ngn.nu\/index.php\/wp-json\/wp\/v2\/posts\/875\/revisions"}],"wp:attachment":[{"href":"https:\/\/bilder.ngn.nu\/index.php\/wp-json\/wp\/v2\/media?parent=875"}],"wp:term":[{"taxonomy":"category","embeddable":true,"href":"https:\/\/bilder.ngn.nu\/index.php\/wp-json\/wp\/v2\/categories?post=875"},{"taxonomy":"post_tag","embeddable":true,"href":"https:\/\/bilder.ngn.nu\/index.php\/wp-json\/wp\/v2\/tags?post=875"}],"curies":[{"name":"wp","href":"https:\/\/api.w.org\/{rel}","templated":true}]}}