{"id":954,"date":"2011-04-07T22:51:31","date_gmt":"2011-04-07T20:51:31","guid":{"rendered":"http:\/\/bilder.ngn.nu\/?p=954"},"modified":"2011-04-07T23:35:34","modified_gmt":"2011-04-07T21:35:34","slug":"fjaril-49","status":"publish","type":"post","link":"https:\/\/bilder.ngn.nu\/index.php\/2011\/04\/07\/fjaril-49\/","title":{"rendered":"Fj\u00e4ril"},"content":{"rendered":"<table border=\"0\">\n<tbody>\n<tr>\n<td>\n<div id=\"ngn_bild_rubrik\">\n<div id=\"ngn_bild_rubrik\"><strong>N\u00e4sselfj\u00e4ril<\/strong> (<em>Nymphalis urticae<\/em> eller <em>Aglais urticae<\/em>)<a name=\"Rubrik\"><\/a><\/div>\n<\/div>\n<\/td>\n<\/tr>\n<tr>\n<td>\n<div id=\"ngn_bild_text\"><strong>Vingspann<\/strong>: 40-52mm<\/div>\n<\/td>\n<\/tr>\n<tr>\n<td valign=\"top\">\n<div id=\"ngn_bild_text_above\">Gick till &#8217;min&#8217; pl\u00e5t vid Onsj\u00f6k\u00e4rret och p\u00e5v\u00e4g dit satt en N\u00e4sselfj\u00e4ril och s\u00f6kte vindskydd i fjol\u00e5rsgr\u00e4set.<\/div>\n<\/td>\n<\/tr>\n<tr>\n<td align=\"left\"><a href=\"http:\/\/galleri.ngn.nu\/v\/gBilder\/Djur-animalia\/Insekter\/Lepidoptera\/110407-DSC04994_Naesselfjaeril-Kompr80-w1000.jpg.html\" target=\"_blank\"><img loading=\"lazy\" style=\"border: 0pt none;\" title=\"N\u00e4sselfj\u00e4ril (Nymphalis urticae eller Aglais urticae)\" src=\"http:\/\/ngn.nu\/Pict\/2011\/110407-DSC04994_Naesselfjaeril-Kompr70-w150.jpg\" border=\"0\" alt=\"[Bild: N\u00e4sselfj\u00e4ril (Nymphalis urticae eller Aglais urticae)]\" width=\"150\" height=\"120\" \/><\/a>[bilden &#8217;presenteras&#8217; ytterligare i galleri.ngn.nu]<\/td>\n<\/tr>\n<tr>\n<td>\n<div id=\"EXIF\"><small><em>110407<\/em><\/small><small><em> Klockan: 12:48 Br\u00e4nnvidd: 300 [450] ISO: 160 Slutare: 1\/500 Bl\u00e4ndare: F5.6<\/em><\/small><small><em><br \/>\nKamera: <\/em><\/small><small><em>SONY DSLR-A100 Objektiv: SIGMA DG 70-300 [105-450] \/ 4-5.6<\/em><\/small><\/div>\n<\/td>\n<\/tr>\n<tr>\n<td><\/td>\n<\/tr>\n<\/tbody>\n<\/table>\n","protected":false},"excerpt":{"rendered":"<p>N\u00e4sselfj\u00e4ril (Nymphalis urticae eller Aglais urticae) Vingspann: 40-52mm Gick till &#8217;min&#8217; pl\u00e5t vid Onsj\u00f6k\u00e4rret och p\u00e5v\u00e4g dit satt en N\u00e4sselfj\u00e4ril och s\u00f6kte vindskydd i fjol\u00e5rsgr\u00e4set. [bilden &#8217;presenteras&#8217; ytterligare i galleri.ngn.nu] 110407 Klockan: 12:48 Br\u00e4nnvidd: 300 [450] ISO: 160 Slutare: 1\/500 Bl\u00e4ndare: F5.6 Kamera: SONY DSLR-A100 Objektiv: SIGMA DG 70-300 [105-450] \/ 4-5.6<\/p>\n","protected":false},"author":1,"featured_media":0,"comment_status":"open","ping_status":"closed","sticky":false,"template":"","format":"standard","meta":[],"categories":[119],"tags":[69],"_links":{"self":[{"href":"https:\/\/bilder.ngn.nu\/index.php\/wp-json\/wp\/v2\/posts\/954"}],"collection":[{"href":"https:\/\/bilder.ngn.nu\/index.php\/wp-json\/wp\/v2\/posts"}],"about":[{"href":"https:\/\/bilder.ngn.nu\/index.php\/wp-json\/wp\/v2\/types\/post"}],"author":[{"embeddable":true,"href":"https:\/\/bilder.ngn.nu\/index.php\/wp-json\/wp\/v2\/users\/1"}],"replies":[{"embeddable":true,"href":"https:\/\/bilder.ngn.nu\/index.php\/wp-json\/wp\/v2\/comments?post=954"}],"version-history":[{"count":5,"href":"https:\/\/bilder.ngn.nu\/index.php\/wp-json\/wp\/v2\/posts\/954\/revisions"}],"predecessor-version":[{"id":959,"href":"https:\/\/bilder.ngn.nu\/index.php\/wp-json\/wp\/v2\/posts\/954\/revisions\/959"}],"wp:attachment":[{"href":"https:\/\/bilder.ngn.nu\/index.php\/wp-json\/wp\/v2\/media?parent=954"}],"wp:term":[{"taxonomy":"category","embeddable":true,"href":"https:\/\/bilder.ngn.nu\/index.php\/wp-json\/wp\/v2\/categories?post=954"},{"taxonomy":"post_tag","embeddable":true,"href":"https:\/\/bilder.ngn.nu\/index.php\/wp-json\/wp\/v2\/tags?post=954"}],"curies":[{"name":"wp","href":"https:\/\/api.w.org\/{rel}","templated":true}]}}